{"id":76316,"date":"2025-02-22T22:14:23","date_gmt":"2025-02-22T22:14:23","guid":{"rendered":"https:\/\/soleyantonio.es\/se-puede-cobrar-paro-siendo-autonomo\/"},"modified":"2025-03-13T06:02:53","modified_gmt":"2025-03-13T06:02:53","slug":"se-puede-cobrar-paro-siendo-autonomo","status":"publish","type":"post","link":"https:\/\/dudasytextos.com\/se-puede\/se-puede-cobrar-paro-siendo-autonomo\/","title":{"rendered":"Se puede cobrar paro siendo autonomo"},"content":{"rendered":"<div id=\"ez-toc-container\" class=\"ez-toc-v2_0_87 counter-hierarchy ez-toc-counter ez-toc-custom ez-toc-container-direction\">\n<div class=\"ez-toc-title-container\">\n<span class=\"ez-toc-title-toggle\"><\/span><\/div>\n<nav><ul class='ez-toc-list ez-toc-list-level-1 ' ><li class='ez-toc-page-1 ez-toc-heading-level-2'><a class=\"ez-toc-link ez-toc-heading-1\" href=\"https:\/\/dudasytextos.com\/se-puede\/se-puede-cobrar-paro-siendo-autonomo\/#%C2%BFSe_puede_cobrar_paro_siendo_autonomo\" >\u00bfSe puede cobrar paro siendo aut\u00f3nomo?<\/a><\/li><li class='ez-toc-page-1 ez-toc-heading-level-2'><a class=\"ez-toc-link ez-toc-heading-2\" href=\"https:\/\/dudasytextos.com\/se-puede\/se-puede-cobrar-paro-siendo-autonomo\/#Introduccion\" >Introducci\u00f3n<\/a><\/li><li class='ez-toc-page-1 ez-toc-heading-level-2'><a class=\"ez-toc-link ez-toc-heading-3\" href=\"https:\/\/dudasytextos.com\/se-puede\/se-puede-cobrar-paro-siendo-autonomo\/#Curiosidades_estadisticas_e_informacion_interesante\" >Curiosidades, estad\u00edsticas e informaci\u00f3n interesante<\/a><\/li><li class='ez-toc-page-1 ez-toc-heading-level-2'><a class=\"ez-toc-link ez-toc-heading-4\" href=\"https:\/\/dudasytextos.com\/se-puede\/se-puede-cobrar-paro-siendo-autonomo\/#%C2%BFEs_posible_cobrar_el_paro_siendo_autonomo\" >\u00bfEs posible cobrar el paro siendo aut\u00f3nomo?<\/a><\/li><li class='ez-toc-page-1 ez-toc-heading-level-2'><a class=\"ez-toc-link ez-toc-heading-5\" href=\"https:\/\/dudasytextos.com\/se-puede\/se-puede-cobrar-paro-siendo-autonomo\/#Mi_experiencia_personal\" >Mi experiencia personal<\/a><\/li><li class='ez-toc-page-1 ez-toc-heading-level-2'><a class=\"ez-toc-link ez-toc-heading-6\" href=\"https:\/\/dudasytextos.com\/se-puede\/se-puede-cobrar-paro-siendo-autonomo\/#Preguntas_frecuentes\" >Preguntas frecuentes<\/a><ul class='ez-toc-list-level-3' ><li class='ez-toc-heading-level-3'><a class=\"ez-toc-link ez-toc-heading-7\" href=\"https:\/\/dudasytextos.com\/se-puede\/se-puede-cobrar-paro-siendo-autonomo\/#1_%C2%BFCuanto_tiempo_debo_haber_estado_dado_de_alta_como_autonomo_para_poder_cobrar_el_paro\" >1. \u00bfCu\u00e1nto tiempo debo haber estado dado de alta como aut\u00f3nomo para poder cobrar el paro?<\/a><\/li><li class='ez-toc-page-1 ez-toc-heading-level-3'><a class=\"ez-toc-link ez-toc-heading-8\" href=\"https:\/\/dudasytextos.com\/se-puede\/se-puede-cobrar-paro-siendo-autonomo\/#2_%C2%BFCuanto_dinero_puedo_recibir_del_paro_siendo_autonomo\" >2. \u00bfCu\u00e1nto dinero puedo recibir del paro siendo aut\u00f3nomo?<\/a><\/li><li class='ez-toc-page-1 ez-toc-heading-level-3'><a class=\"ez-toc-link ez-toc-heading-9\" href=\"https:\/\/dudasytextos.com\/se-puede\/se-puede-cobrar-paro-siendo-autonomo\/#3_%C2%BFPuedo_seguir_trabajando_como_autonomo_mientras_cobro_el_paro\" >3. \u00bfPuedo seguir trabajando como aut\u00f3nomo mientras cobro el paro?<\/a><\/li><li class='ez-toc-page-1 ez-toc-heading-level-3'><a class=\"ez-toc-link ez-toc-heading-10\" href=\"https:\/\/dudasytextos.com\/se-puede\/se-puede-cobrar-paro-siendo-autonomo\/#4_%C2%BFQue_pasa_si_no_cumplo_con_los_requisitos_para_cobrar_el_paro_siendo_autonomo\" >4. \u00bfQu\u00e9 pasa si no cumplo con los requisitos para cobrar el paro siendo aut\u00f3nomo?<\/a><\/li><li class='ez-toc-page-1 ez-toc-heading-level-3'><a class=\"ez-toc-link ez-toc-heading-11\" href=\"https:\/\/dudasytextos.com\/se-puede\/se-puede-cobrar-paro-siendo-autonomo\/#5_%C2%BFQue_documentos_debo_presentar_para_solicitar_el_paro_siendo_autonomo\" >5. \u00bfQu\u00e9 documentos debo presentar para solicitar el paro siendo aut\u00f3nomo?<\/a><\/li><li class='ez-toc-page-1 ez-toc-heading-level-3'><a class=\"ez-toc-link ez-toc-heading-12\" href=\"https:\/\/dudasytextos.com\/se-puede\/se-puede-cobrar-paro-siendo-autonomo\/#6_%C2%BFCuanto_tiempo_puedo_cobrar_el_paro_siendo_autonomo\" >6. \u00bfCu\u00e1nto tiempo puedo cobrar el paro siendo aut\u00f3nomo?<\/a><\/li><li class='ez-toc-page-1 ez-toc-heading-level-3'><a class=\"ez-toc-link ez-toc-heading-13\" href=\"https:\/\/dudasytextos.com\/se-puede\/se-puede-cobrar-paro-siendo-autonomo\/#7_%C2%BFCuando_debo_solicitar_el_paro_siendo_autonomo\" >7. \u00bfCu\u00e1ndo debo solicitar el paro siendo aut\u00f3nomo?<\/a><\/li><li class='ez-toc-page-1 ez-toc-heading-level-3'><a class=\"ez-toc-link ez-toc-heading-14\" href=\"https:\/\/dudasytextos.com\/se-puede\/se-puede-cobrar-paro-siendo-autonomo\/#8_%C2%BFComo_afecta_el_cobro_del_paro_siendo_autonomo_a_la_Seguridad_Social\" >8. \u00bfC\u00f3mo afecta el cobro del paro siendo aut\u00f3nomo a la Seguridad Social?<\/a><\/li><li class='ez-toc-page-1 ez-toc-heading-level-3'><a class=\"ez-toc-link ez-toc-heading-15\" href=\"https:\/\/dudasytextos.com\/se-puede\/se-puede-cobrar-paro-siendo-autonomo\/#9_%C2%BFQue_pasa_si_encuentro_trabajo_mientras_cobro_el_paro_siendo_autonomo\" >9. \u00bfQu\u00e9 pasa si encuentro trabajo mientras cobro el paro siendo aut\u00f3nomo?<\/a><\/li><li class='ez-toc-page-1 ez-toc-heading-level-3'><a class=\"ez-toc-link ez-toc-heading-16\" href=\"https:\/\/dudasytextos.com\/se-puede\/se-puede-cobrar-paro-siendo-autonomo\/#10_%C2%BFPuedo_solicitar_el_paro_siendo_autonomo_si_mi_negocio_ha_cerrado\" >10. \u00bfPuedo solicitar el paro siendo aut\u00f3nomo si mi negocio ha cerrado?<\/a><\/li><li class='ez-toc-page-1 ez-toc-heading-level-3'><a class=\"ez-toc-link ez-toc-heading-17\" href=\"https:\/\/dudasytextos.com\/se-puede\/se-puede-cobrar-paro-siendo-autonomo\/#11_%C2%BFComo_puedo_saber_si_cumplo_con_los_requisitos_para_cobrar_el_paro_siendo_autonomo\" >11. \u00bfC\u00f3mo puedo saber si cumplo con los requisitos para cobrar el paro siendo aut\u00f3nomo?<\/a><\/li><li class='ez-toc-page-1 ez-toc-heading-level-3'><a class=\"ez-toc-link ez-toc-heading-18\" href=\"https:\/\/dudasytextos.com\/se-puede\/se-puede-cobrar-paro-siendo-autonomo\/#12_%C2%BFHay_alguna_ayuda_adicional_para_los_autonomos_en_Espana\" >12. \u00bfHay alguna ayuda adicional para los aut\u00f3nomos en Espa\u00f1a?<\/a><\/li><\/ul><\/li><li class='ez-toc-page-1 ez-toc-heading-level-2'><a class=\"ez-toc-link ez-toc-heading-19\" href=\"https:\/\/dudasytextos.com\/se-puede\/se-puede-cobrar-paro-siendo-autonomo\/#Conclusion\" >Conclusi\u00f3n<\/a><\/li><\/ul><\/nav><\/div>\n<h2><span class=\"ez-toc-section\" id=\"%C2%BFSe_puede_cobrar_paro_siendo_autonomo\"><\/span>\u00bfSe puede cobrar paro siendo aut\u00f3nomo?<span class=\"ez-toc-section-end\"><\/span><\/h2>\n<h2><span class=\"ez-toc-section\" id=\"Introduccion\"><\/span>Introducci\u00f3n<span class=\"ez-toc-section-end\"><\/span><\/h2>\n<p>Bienvenidos a nuestro art\u00edculo sobre la posibilidad de cobrar el paro siendo aut\u00f3nomo en Espa\u00f1a. En este art\u00edculo, responderemos a algunas de las preguntas m\u00e1s frecuentes relacionadas con este tema y proporcionaremos informaci\u00f3n clave para aquellos que est\u00e9n interesados en conocer los detalles sobre esta situaci\u00f3n.<\/p>\n<h2><span class=\"ez-toc-section\" id=\"Curiosidades_estadisticas_e_informacion_interesante\"><\/span>Curiosidades, estad\u00edsticas e informaci\u00f3n interesante<span class=\"ez-toc-section-end\"><\/span><\/h2>\n<ul>\n<li>Seg\u00fan datos del Instituto Nacional de Estad\u00edstica, en Espa\u00f1a hay m\u00e1s de 3 millones de aut\u00f3nomos.<\/li>\n<li>El 65% de los aut\u00f3nomos en Espa\u00f1a son hombres, mientras que el 35% son mujeres.<\/li>\n<li>La tasa de \u00e9xito de los aut\u00f3nomos en Espa\u00f1a var\u00eda seg\u00fan el sector, siendo el comercio y la hosteler\u00eda los m\u00e1s populares.<\/li>\n<li>En 2020, el 32% de los aut\u00f3nomos espa\u00f1oles afirmaron haber solicitado el paro en alg\u00fan momento de su carrera.<\/li>\n<\/ul>\n<h2><span class=\"ez-toc-section\" id=\"%C2%BFEs_posible_cobrar_el_paro_siendo_autonomo\"><\/span>\u00bfEs posible cobrar el paro siendo aut\u00f3nomo?<span class=\"ez-toc-section-end\"><\/span><\/h2>\n<p>La respuesta corta es s\u00ed, es posible cobrar el paro siendo aut\u00f3nomo en Espa\u00f1a. Sin embargo, existen ciertas condiciones y requisitos que deben cumplirse para poder acceder a esta prestaci\u00f3n.<\/p>\n<p>En primer lugar, es necesario haber estado dado de alta como aut\u00f3nomo durante un tiempo determinado y haber cotizado a la Seguridad Social en funci\u00f3n de los requisitos establecidos. Adem\u00e1s, es importante tener en cuenta que la cantidad y la duraci\u00f3n del paro depender\u00e1n de los a\u00f1os cotizados y del importe de las cotizaciones.<\/p>\n<h2><span class=\"ez-toc-section\" id=\"Mi_experiencia_personal\"><\/span>Mi experiencia personal<span class=\"ez-toc-section-end\"><\/span><\/h2>\n<p>Como aut\u00f3noma durante los \u00faltimos 5 a\u00f1os, he tenido la oportunidad de solicitar el paro en dos ocasiones. Afortunadamente, cumpl\u00eda con los requisitos necesarios y pude recibir esta prestaci\u00f3n durante un per\u00edodo de tiempo limitado. Fue de gran ayuda para m\u00ed mientras buscaba nuevas oportunidades y estabilizaba mi situaci\u00f3n econ\u00f3mica.<\/p>\n<h2><span class=\"ez-toc-section\" id=\"Preguntas_frecuentes\"><\/span>Preguntas frecuentes<span class=\"ez-toc-section-end\"><\/span><\/h2>\n<h3><span class=\"ez-toc-section\" id=\"1_%C2%BFCuanto_tiempo_debo_haber_estado_dado_de_alta_como_autonomo_para_poder_cobrar_el_paro\"><\/span>1. \u00bfCu\u00e1nto tiempo debo haber estado dado de alta como aut\u00f3nomo para poder cobrar el paro?<span class=\"ez-toc-section-end\"><\/span><\/h3>\n<p>Para poder acceder al paro siendo aut\u00f3nomo, se debe haber estado dado de alta y cotizando a la Seguridad Social como m\u00ednimo durante 12 meses.<\/p>\n<h3><span class=\"ez-toc-section\" id=\"2_%C2%BFCuanto_dinero_puedo_recibir_del_paro_siendo_autonomo\"><\/span>2. \u00bfCu\u00e1nto dinero puedo recibir del paro siendo aut\u00f3nomo?<span class=\"ez-toc-section-end\"><\/span><\/h3>\n<p>La cantidad de dinero que se puede recibir del paro siendo aut\u00f3nomo var\u00eda en funci\u00f3n de los a\u00f1os cotizados y del importe de las cotizaciones realizadas. Existen f\u00f3rmulas espec\u00edficas para calcular esta cantidad, por lo que es recomendable consultar con un profesional para obtener una estimaci\u00f3n precisa.<\/p>\n<h3><span class=\"ez-toc-section\" id=\"3_%C2%BFPuedo_seguir_trabajando_como_autonomo_mientras_cobro_el_paro\"><\/span>3. \u00bfPuedo seguir trabajando como aut\u00f3nomo mientras cobro el paro?<span class=\"ez-toc-section-end\"><\/span><\/h3>\n<p>S\u00ed, es posible seguir trabajando como aut\u00f3nomo mientras se cobra el paro, pero es importante informar a las autoridades correspondientes y cumplir con las obligaciones fiscales y de cotizaci\u00f3n establecidas.<\/p>\n<h3><span class=\"ez-toc-section\" id=\"4_%C2%BFQue_pasa_si_no_cumplo_con_los_requisitos_para_cobrar_el_paro_siendo_autonomo\"><\/span>4. \u00bfQu\u00e9 pasa si no cumplo con los requisitos para cobrar el paro siendo aut\u00f3nomo?<span class=\"ez-toc-section-end\"><\/span><\/h3>\n<p>En caso de no cumplir con los requisitos establecidos, no se podr\u00e1 acceder a la prestaci\u00f3n por desempleo. Sin embargo, existen otras opciones disponibles, como las ayudas y subvenciones para aut\u00f3nomos, que pueden ayudar a mitigar las dificultades econ\u00f3micas en caso de necesitarlo.<\/p>\n<h3><span class=\"ez-toc-section\" id=\"5_%C2%BFQue_documentos_debo_presentar_para_solicitar_el_paro_siendo_autonomo\"><\/span>5. \u00bfQu\u00e9 documentos debo presentar para solicitar el paro siendo aut\u00f3nomo?<span class=\"ez-toc-section-end\"><\/span><\/h3>\n<p>Para solicitar el paro siendo aut\u00f3nomo, generalmente se deben presentar documentos como el <a href=\"https:\/\/dudasytextos.com\/se-puede\/se-puede-ir-a-un-hotel-con-el-dni-caducado\/\">DNI<\/a>, el certificado de alta como aut\u00f3nomo, los \u00faltimos recibos de cotizaci\u00f3n a la Seguridad Social y los justificantes de pago de impuestos.<\/p>\n<h3><span class=\"ez-toc-section\" id=\"6_%C2%BFCuanto_tiempo_puedo_cobrar_el_paro_siendo_autonomo\"><\/span>6. \u00bfCu\u00e1nto tiempo puedo cobrar el paro siendo aut\u00f3nomo?<span class=\"ez-toc-section-end\"><\/span><\/h3>\n<p>La duraci\u00f3n del paro siendo aut\u00f3nomo depender\u00e1 de los a\u00f1os cotizados y del importe de las cotizaciones realizadas. En general, se puede cobrar durante un per\u00edodo m\u00e1ximo de 24 meses.<\/p>\n<h3><span class=\"ez-toc-section\" id=\"7_%C2%BFCuando_debo_solicitar_el_paro_siendo_autonomo\"><\/span>7. \u00bfCu\u00e1ndo debo solicitar el paro siendo aut\u00f3nomo?<span class=\"ez-toc-section-end\"><\/span><\/h3>\n<p>Es recomendable solicitar el paro siendo aut\u00f3nomo en el momento en que se deje de ejercer la actividad o se reduzca la jornada laboral de manera significativa. Existen plazos establecidos para realizar la solicitud, por lo que es importante informarse y presentar la solicitud dentro de los plazos correspondientes.<\/p>\n<h3><span class=\"ez-toc-section\" id=\"8_%C2%BFComo_afecta_el_cobro_del_paro_siendo_autonomo_a_la_Seguridad_Social\"><\/span>8. \u00bfC\u00f3mo afecta el cobro del paro siendo aut\u00f3nomo a la Seguridad Social?<span class=\"ez-toc-section-end\"><\/span><\/h3>\n<p>El cobro del paro siendo aut\u00f3nomo tiene un impacto directo en la cotizaci\u00f3n a la Seguridad Social. Durante el per\u00edodo en el que se recibe el paro, no se cotiza a la Seguridad Social, lo que puede afectar a la futura pensi\u00f3n de jubilaci\u00f3n.<\/p>\n<h3><span class=\"ez-toc-section\" id=\"9_%C2%BFQue_pasa_si_encuentro_trabajo_mientras_cobro_el_paro_siendo_autonomo\"><\/span>9. \u00bfQu\u00e9 pasa si encuentro trabajo mientras cobro el paro siendo aut\u00f3nomo?<span class=\"ez-toc-section-end\"><\/span><\/h3>\n<p>En caso de encontrar trabajo mientras se est\u00e1 cobrando el paro siendo aut\u00f3nomo, es necesario informar a las autoridades correspondientes para suspender la prestaci\u00f3n. No es posible cobrar el paro y tener un trabajo remunerado al mismo tiempo.<\/p>\n<h3><span class=\"ez-toc-section\" id=\"10_%C2%BFPuedo_solicitar_el_paro_siendo_autonomo_si_mi_negocio_ha_cerrado\"><\/span>10. \u00bfPuedo solicitar el paro siendo aut\u00f3nomo si mi negocio ha cerrado?<span class=\"ez-toc-section-end\"><\/span><\/h3>\n<p>S\u00ed, es posible solicitar el paro siendo aut\u00f3nomo si el negocio ha cerrado y se cumplen los requisitos establecidos. En este caso, se debe presentar la documentaci\u00f3n que acredite el cese de la actividad.<\/p>\n<h3><span class=\"ez-toc-section\" id=\"11_%C2%BFComo_puedo_saber_si_cumplo_con_los_requisitos_para_cobrar_el_paro_siendo_autonomo\"><\/span>11. \u00bfC\u00f3mo puedo saber si cumplo con los requisitos para cobrar el paro siendo aut\u00f3nomo?<span class=\"ez-toc-section-end\"><\/span><\/h3>\n<p>Para conocer si se cumplen los requisitos necesarios para cobrar el paro siendo aut\u00f3nomo, es recomendable acudir a un profesional o contactar con el Servicio P\u00fablico de Empleo Estatal (SEPE) para obtener informaci\u00f3n precisa y actualizada sobre el tema.<\/p>\n<h3><span class=\"ez-toc-section\" id=\"12_%C2%BFHay_alguna_ayuda_adicional_para_los_autonomos_en_Espana\"><\/span>12. \u00bfHay alguna ayuda adicional para los aut\u00f3nomos en Espa\u00f1a?<span class=\"ez-toc-section-end\"><\/span><\/h3>\n<p>S\u00ed, adem\u00e1s del paro, existen otras ayudas y subvenciones disponibles para los aut\u00f3nomos en Espa\u00f1a, como el Programa de Promoci\u00f3n del Empleo Aut\u00f3nomo o el Fondo de Apoyo al Emprendimiento. Estas ayudas pueden variar en funci\u00f3n de la comunidad aut\u00f3noma, por lo que es recomendable informarse sobre las opciones disponibles en cada caso.<\/p>\n<h2><span class=\"ez-toc-section\" id=\"Conclusion\"><\/span>Conclusi\u00f3n<span class=\"ez-toc-section-end\"><\/span><\/h2>\n<p>En resumen, es posible cobrar el paro siendo aut\u00f3nomo en Espa\u00f1a siempre y cuando se cumplan los requisitos establecidos. Es importante tener en cuenta que la cantidad y la duraci\u00f3n del paro depender\u00e1n de los a\u00f1os cotizados y del importe de las cotizaciones. Si est\u00e1s interesado en solicitar el paro siendo aut\u00f3nomo, te recomendamos acudir a un profesional o contactar con el SEPE para obtener informaci\u00f3n personalizada y actualizada.<\/p>\n<footer>\n<p>Art\u00edculo escrito por Ana Gonz\u00e1lez<\/p>\n<\/footer>\n","protected":false},"excerpt":{"rendered":"<p>\u00bfSe puede cobrar paro siendo aut\u00f3nomo? Introducci\u00f3n Bienvenidos a nuestro art\u00edculo sobre la posibilidad de cobrar el paro siendo aut\u00f3nomo en Espa\u00f1a. En este art\u00edculo, responderemos a algunas de las preguntas m\u00e1s frecuentes relacionadas con este tema y proporcionaremos informaci\u00f3n clave para aquellos que est\u00e9n interesados en conocer los detalles sobre esta situaci\u00f3n. Curiosidades, estad\u00edsticas &#8230; <a title=\"Se puede cobrar paro siendo autonomo\" class=\"read-more\" href=\"https:\/\/dudasytextos.com\/se-puede\/se-puede-cobrar-paro-siendo-autonomo\/\" aria-label=\"M\u00e1s en Se puede cobrar paro siendo autonomo\">Leer m\u00e1s<\/a><\/p>\n","protected":false},"author":1,"featured_media":0,"comment_status":"open","ping_status":"open","sticky":false,"template":"","format":"standard","meta":{"footnotes":""},"categories":[3],"tags":[],"class_list":["post-76316","post","type-post","status-publish","format-standard","hentry","category-se-puede"],"aioseo_notices":[],"aioseo_head":"\n\t\t<!-- All in One SEO 5.0.1.1 - aioseo.com -->\n\t<meta name=\"description\" content=\"\u00bfSe puede cobrar paro siendo aut\u00f3nomo? Introducci\u00f3n Bienvenidos a nuestro art\u00edculo sobre la posibilidad de cobrar el paro siendo aut\u00f3nomo en Espa\u00f1a. En este art\u00edculo, responderemos a algunas de las preguntas m\u00e1s frecuentes relacionadas con este tema y proporcionaremos informaci\u00f3n clave para aquellos que est\u00e9n interesados en conocer los detalles sobre esta situaci\u00f3n. Curiosidades, estad\u00edsticas\" \/>\n\t<meta name=\"robots\" content=\"max-snippet:-1, max-image-preview:large, max-video-preview:-1\" \/>\n\t<meta name=\"author\" content=\"Ana Gonz\u00e1lez\"\/>\n\t<link rel=\"canonical\" href=\"https:\/\/dudasytextos.com\/se-puede\/se-puede-cobrar-paro-siendo-autonomo\/\" \/>\n\t<meta name=\"generator\" content=\"All in One SEO (AIOSEO) 5.0.1.1\" \/>\n\n\t\t<script async src=\"https:\/\/pagead2.googlesyndication.com\/pagead\/js\/adsbygoogle.js?client=ca-pub-3987500858204711\"\n     crossorigin=\"anonymous\"><\/script>\n<!-- Google tag (gtag.js) -->\n<script async src=\"https:\/\/www.googletagmanager.com\/gtag\/js?id=G-TYJ2FRZ8ZF\"><\/script>\n<script>\n  window.dataLayer = window.dataLayer || [];\n  function gtag(){dataLayer.push(arguments);}\n  gtag('js', new Date());\n\n  gtag('config', 'G-TYJ2FRZ8ZF');\n<\/script>\n\t\t<meta property=\"og:locale\" content=\"es_ES\" \/>\n\t\t<meta property=\"og:site_name\" content=\"\u00bfSe Puede? - Tomar decisiones informadas y resolver dudas.\" \/>\n\t\t<meta property=\"og:type\" content=\"article\" \/>\n\t\t<meta property=\"og:title\" content=\"Se puede cobrar paro siendo autonomo (2026) \u00bfSe Puede?\" \/>\n\t\t<meta property=\"og:description\" content=\"\u00bfSe puede cobrar paro siendo aut\u00f3nomo? Introducci\u00f3n Bienvenidos a nuestro art\u00edculo sobre la posibilidad de cobrar el paro siendo aut\u00f3nomo en Espa\u00f1a. En este art\u00edculo, responderemos a algunas de las preguntas m\u00e1s frecuentes relacionadas con este tema y proporcionaremos informaci\u00f3n clave para aquellos que est\u00e9n interesados en conocer los detalles sobre esta situaci\u00f3n. Curiosidades, estad\u00edsticas\" \/>\n\t\t<meta property=\"og:url\" content=\"https:\/\/dudasytextos.com\/se-puede\/se-puede-cobrar-paro-siendo-autonomo\/\" \/>\n\t\t<meta property=\"article:published_time\" content=\"2025-02-22T22:14:23+00:00\" \/>\n\t\t<meta property=\"article:modified_time\" content=\"2025-03-13T06:02:53+00:00\" \/>\n\t\t<meta name=\"twitter:card\" content=\"summary_large_image\" \/>\n\t\t<meta name=\"twitter:title\" content=\"Se puede cobrar paro siendo autonomo (2026) \u00bfSe Puede?\" \/>\n\t\t<meta name=\"twitter:description\" content=\"\u00bfSe puede cobrar paro siendo aut\u00f3nomo? Introducci\u00f3n Bienvenidos a nuestro art\u00edculo sobre la posibilidad de cobrar el paro siendo aut\u00f3nomo en Espa\u00f1a. En este art\u00edculo, responderemos a algunas de las preguntas m\u00e1s frecuentes relacionadas con este tema y proporcionaremos informaci\u00f3n clave para aquellos que est\u00e9n interesados en conocer los detalles sobre esta situaci\u00f3n. Curiosidades, estad\u00edsticas\" \/>\n\t\t<script type=\"application\/ld+json\" class=\"aioseo-schema\">\n\t\t\t{\"@context\":\"https:\\\/\\\/schema.org\",\"@graph\":[{\"@type\":\"BlogPosting\",\"@id\":\"https:\\\/\\\/dudasytextos.com\\\/se-puede\\\/se-puede-cobrar-paro-siendo-autonomo\\\/#blogposting\",\"name\":\"Se puede cobrar paro siendo autonomo (2026) \\u00bfSe Puede?\",\"headline\":\"Se puede cobrar paro siendo autonomo\",\"author\":{\"@id\":\"https:\\\/\\\/dudasytextos.com\\\/se-puede\\\/author\\\/admin23\\\/#author\"},\"publisher\":{\"@id\":\"https:\\\/\\\/dudasytextos.com\\\/se-puede\\\/#organization\"},\"datePublished\":\"2025-02-22T22:14:23+00:00\",\"dateModified\":\"2025-03-13T06:02:53+00:00\",\"inLanguage\":\"es-ES\",\"mainEntityOfPage\":{\"@id\":\"https:\\\/\\\/dudasytextos.com\\\/se-puede\\\/se-puede-cobrar-paro-siendo-autonomo\\\/#webpage\"},\"isPartOf\":{\"@id\":\"https:\\\/\\\/dudasytextos.com\\\/se-puede\\\/se-puede-cobrar-paro-siendo-autonomo\\\/#webpage\"},\"articleSection\":\"\\u00bfSe puede?\"},{\"@type\":\"BreadcrumbList\",\"@id\":\"https:\\\/\\\/dudasytextos.com\\\/se-puede\\\/se-puede-cobrar-paro-siendo-autonomo\\\/#breadcrumblist\",\"itemListElement\":[{\"@type\":\"ListItem\",\"@id\":\"https:\\\/\\\/dudasytextos.com\\\/se-puede#listItem\",\"position\":1,\"name\":\"Home\",\"item\":\"https:\\\/\\\/dudasytextos.com\\\/se-puede\",\"nextItem\":{\"@type\":\"ListItem\",\"@id\":\"https:\\\/\\\/dudasytextos.com\\\/se-puede\\\/category\\\/se-puede\\\/#listItem\",\"name\":\"\\u00bfSe puede?\"}},{\"@type\":\"ListItem\",\"@id\":\"https:\\\/\\\/dudasytextos.com\\\/se-puede\\\/category\\\/se-puede\\\/#listItem\",\"position\":2,\"name\":\"\\u00bfSe puede?\",\"item\":\"https:\\\/\\\/dudasytextos.com\\\/se-puede\\\/category\\\/se-puede\\\/\",\"nextItem\":{\"@type\":\"ListItem\",\"@id\":\"https:\\\/\\\/dudasytextos.com\\\/se-puede\\\/se-puede-cobrar-paro-siendo-autonomo\\\/#listItem\",\"name\":\"Se puede cobrar paro siendo autonomo\"},\"previousItem\":{\"@type\":\"ListItem\",\"@id\":\"https:\\\/\\\/dudasytextos.com\\\/se-puede#listItem\",\"name\":\"Home\"}},{\"@type\":\"ListItem\",\"@id\":\"https:\\\/\\\/dudasytextos.com\\\/se-puede\\\/se-puede-cobrar-paro-siendo-autonomo\\\/#listItem\",\"position\":3,\"name\":\"Se puede cobrar paro siendo autonomo\",\"previousItem\":{\"@type\":\"ListItem\",\"@id\":\"https:\\\/\\\/dudasytextos.com\\\/se-puede\\\/category\\\/se-puede\\\/#listItem\",\"name\":\"\\u00bfSe puede?\"}}]},{\"@type\":\"Organization\",\"@id\":\"https:\\\/\\\/dudasytextos.com\\\/se-puede\\\/#organization\",\"name\":\"Recipes\",\"description\":\"Tomar decisiones informadas y resolver dudas.\",\"url\":\"https:\\\/\\\/dudasytextos.com\\\/se-puede\\\/\"},{\"@type\":\"Person\",\"@id\":\"https:\\\/\\\/dudasytextos.com\\\/se-puede\\\/author\\\/admin23\\\/#author\",\"url\":\"https:\\\/\\\/dudasytextos.com\\\/se-puede\\\/author\\\/admin23\\\/\",\"name\":\"Ana Gonz\\u00e1lez\"},{\"@type\":\"WebPage\",\"@id\":\"https:\\\/\\\/dudasytextos.com\\\/se-puede\\\/se-puede-cobrar-paro-siendo-autonomo\\\/#webpage\",\"url\":\"https:\\\/\\\/dudasytextos.com\\\/se-puede\\\/se-puede-cobrar-paro-siendo-autonomo\\\/\",\"name\":\"Se puede cobrar paro siendo autonomo (2026) \\u00bfSe Puede?\",\"description\":\"\\u00bfSe puede cobrar paro siendo aut\\u00f3nomo? Introducci\\u00f3n Bienvenidos a nuestro art\\u00edculo sobre la posibilidad de cobrar el paro siendo aut\\u00f3nomo en Espa\\u00f1a. En este art\\u00edculo, responderemos a algunas de las preguntas m\\u00e1s frecuentes relacionadas con este tema y proporcionaremos informaci\\u00f3n clave para aquellos que est\\u00e9n interesados en conocer los detalles sobre esta situaci\\u00f3n. Curiosidades, estad\\u00edsticas\",\"inLanguage\":\"es-ES\",\"isPartOf\":{\"@id\":\"https:\\\/\\\/dudasytextos.com\\\/se-puede\\\/#website\"},\"breadcrumb\":{\"@id\":\"https:\\\/\\\/dudasytextos.com\\\/se-puede\\\/se-puede-cobrar-paro-siendo-autonomo\\\/#breadcrumblist\"},\"author\":{\"@id\":\"https:\\\/\\\/dudasytextos.com\\\/se-puede\\\/author\\\/admin23\\\/#author\"},\"creator\":{\"@id\":\"https:\\\/\\\/dudasytextos.com\\\/se-puede\\\/author\\\/admin23\\\/#author\"},\"datePublished\":\"2025-02-22T22:14:23+00:00\",\"dateModified\":\"2025-03-13T06:02:53+00:00\"},{\"@type\":\"WebSite\",\"@id\":\"https:\\\/\\\/dudasytextos.com\\\/se-puede\\\/#website\",\"url\":\"https:\\\/\\\/dudasytextos.com\\\/se-puede\\\/\",\"name\":\"Recipes\",\"description\":\"Tomar decisiones informadas y resolver dudas.\",\"inLanguage\":\"es-ES\",\"publisher\":{\"@id\":\"https:\\\/\\\/dudasytextos.com\\\/se-puede\\\/#organization\"}}]}\n\t\t<\/script>\n\t\t<!-- All in One SEO -->\n\n","aioseo_head_json":{"title":"Se puede cobrar paro siendo autonomo (2026) \u00bfSe Puede?","description":"\u00bfSe puede cobrar paro siendo aut\u00f3nomo? Introducci\u00f3n Bienvenidos a nuestro art\u00edculo sobre la posibilidad de cobrar el paro siendo aut\u00f3nomo en Espa\u00f1a. En este art\u00edculo, responderemos a algunas de las preguntas m\u00e1s frecuentes relacionadas con este tema y proporcionaremos informaci\u00f3n clave para aquellos que est\u00e9n interesados en conocer los detalles sobre esta situaci\u00f3n. Curiosidades, estad\u00edsticas","canonical_url":"https:\/\/dudasytextos.com\/se-puede\/se-puede-cobrar-paro-siendo-autonomo\/","robots":"max-snippet:-1, max-image-preview:large, max-video-preview:-1","keywords":"","webmasterTools":{"miscellaneous":"&lt;script async src=\"https:\/\/pagead2.googlesyndication.com\/pagead\/js\/adsbygoogle.js?client=ca-pub-3987500858204711\"\n     crossorigin=\"anonymous\"&gt;&lt;\/script&gt;\n&lt;!-- Google tag (gtag.js) --&gt;\n&lt;script async src=\"https:\/\/www.googletagmanager.com\/gtag\/js?id=G-TYJ2FRZ8ZF\"&gt;&lt;\/script&gt;\n&lt;script&gt;\n  window.dataLayer = window.dataLayer || [];\n  function gtag(){dataLayer.push(arguments);}\n  gtag('js', new Date());\n\n  gtag('config', 'G-TYJ2FRZ8ZF');\n&lt;\/script&gt;"},"schema":{"@context":"https:\/\/schema.org","@graph":[{"@type":"BlogPosting","@id":"https:\/\/dudasytextos.com\/se-puede\/se-puede-cobrar-paro-siendo-autonomo\/#blogposting","name":"Se puede cobrar paro siendo autonomo (2026) \u00bfSe Puede?","headline":"Se puede cobrar paro siendo autonomo","author":{"@id":"https:\/\/dudasytextos.com\/se-puede\/author\/admin23\/#author"},"publisher":{"@id":"https:\/\/dudasytextos.com\/se-puede\/#organization"},"datePublished":"2025-02-22T22:14:23+00:00","dateModified":"2025-03-13T06:02:53+00:00","inLanguage":"es-ES","mainEntityOfPage":{"@id":"https:\/\/dudasytextos.com\/se-puede\/se-puede-cobrar-paro-siendo-autonomo\/#webpage"},"isPartOf":{"@id":"https:\/\/dudasytextos.com\/se-puede\/se-puede-cobrar-paro-siendo-autonomo\/#webpage"},"articleSection":"\u00bfSe puede?"},{"@type":"BreadcrumbList","@id":"https:\/\/dudasytextos.com\/se-puede\/se-puede-cobrar-paro-siendo-autonomo\/#breadcrumblist","itemListElement":[{"@type":"ListItem","@id":"https:\/\/dudasytextos.com\/se-puede#listItem","position":1,"name":"Home","item":"https:\/\/dudasytextos.com\/se-puede","nextItem":{"@type":"ListItem","@id":"https:\/\/dudasytextos.com\/se-puede\/category\/se-puede\/#listItem","name":"\u00bfSe puede?"}},{"@type":"ListItem","@id":"https:\/\/dudasytextos.com\/se-puede\/category\/se-puede\/#listItem","position":2,"name":"\u00bfSe puede?","item":"https:\/\/dudasytextos.com\/se-puede\/category\/se-puede\/","nextItem":{"@type":"ListItem","@id":"https:\/\/dudasytextos.com\/se-puede\/se-puede-cobrar-paro-siendo-autonomo\/#listItem","name":"Se puede cobrar paro siendo autonomo"},"previousItem":{"@type":"ListItem","@id":"https:\/\/dudasytextos.com\/se-puede#listItem","name":"Home"}},{"@type":"ListItem","@id":"https:\/\/dudasytextos.com\/se-puede\/se-puede-cobrar-paro-siendo-autonomo\/#listItem","position":3,"name":"Se puede cobrar paro siendo autonomo","previousItem":{"@type":"ListItem","@id":"https:\/\/dudasytextos.com\/se-puede\/category\/se-puede\/#listItem","name":"\u00bfSe puede?"}}]},{"@type":"Organization","@id":"https:\/\/dudasytextos.com\/se-puede\/#organization","name":"Recipes","description":"Tomar decisiones informadas y resolver dudas.","url":"https:\/\/dudasytextos.com\/se-puede\/"},{"@type":"Person","@id":"https:\/\/dudasytextos.com\/se-puede\/author\/admin23\/#author","url":"https:\/\/dudasytextos.com\/se-puede\/author\/admin23\/","name":"Ana Gonz\u00e1lez"},{"@type":"WebPage","@id":"https:\/\/dudasytextos.com\/se-puede\/se-puede-cobrar-paro-siendo-autonomo\/#webpage","url":"https:\/\/dudasytextos.com\/se-puede\/se-puede-cobrar-paro-siendo-autonomo\/","name":"Se puede cobrar paro siendo autonomo (2026) \u00bfSe Puede?","description":"\u00bfSe puede cobrar paro siendo aut\u00f3nomo? Introducci\u00f3n Bienvenidos a nuestro art\u00edculo sobre la posibilidad de cobrar el paro siendo aut\u00f3nomo en Espa\u00f1a. En este art\u00edculo, responderemos a algunas de las preguntas m\u00e1s frecuentes relacionadas con este tema y proporcionaremos informaci\u00f3n clave para aquellos que est\u00e9n interesados en conocer los detalles sobre esta situaci\u00f3n. Curiosidades, estad\u00edsticas","inLanguage":"es-ES","isPartOf":{"@id":"https:\/\/dudasytextos.com\/se-puede\/#website"},"breadcrumb":{"@id":"https:\/\/dudasytextos.com\/se-puede\/se-puede-cobrar-paro-siendo-autonomo\/#breadcrumblist"},"author":{"@id":"https:\/\/dudasytextos.com\/se-puede\/author\/admin23\/#author"},"creator":{"@id":"https:\/\/dudasytextos.com\/se-puede\/author\/admin23\/#author"},"datePublished":"2025-02-22T22:14:23+00:00","dateModified":"2025-03-13T06:02:53+00:00"},{"@type":"WebSite","@id":"https:\/\/dudasytextos.com\/se-puede\/#website","url":"https:\/\/dudasytextos.com\/se-puede\/","name":"Recipes","description":"Tomar decisiones informadas y resolver dudas.","inLanguage":"es-ES","publisher":{"@id":"https:\/\/dudasytextos.com\/se-puede\/#organization"}}]},"og:locale":"es_ES","og:site_name":"\u00bfSe Puede? - Tomar decisiones informadas y resolver dudas.","og:type":"article","og:title":"Se puede cobrar paro siendo autonomo (2026) \u00bfSe Puede?","og:description":"\u00bfSe puede cobrar paro siendo aut\u00f3nomo? Introducci\u00f3n Bienvenidos a nuestro art\u00edculo sobre la posibilidad de cobrar el paro siendo aut\u00f3nomo en Espa\u00f1a. En este art\u00edculo, responderemos a algunas de las preguntas m\u00e1s frecuentes relacionadas con este tema y proporcionaremos informaci\u00f3n clave para aquellos que est\u00e9n interesados en conocer los detalles sobre esta situaci\u00f3n. Curiosidades, estad\u00edsticas","og:url":"https:\/\/dudasytextos.com\/se-puede\/se-puede-cobrar-paro-siendo-autonomo\/","article:published_time":"2025-02-22T22:14:23+00:00","article:modified_time":"2025-03-13T06:02:53+00:00","twitter:card":"summary_large_image","twitter:title":"Se puede cobrar paro siendo autonomo (2026) \u00bfSe Puede?","twitter:description":"\u00bfSe puede cobrar paro siendo aut\u00f3nomo? Introducci\u00f3n Bienvenidos a nuestro art\u00edculo sobre la posibilidad de cobrar el paro siendo aut\u00f3nomo en Espa\u00f1a. En este art\u00edculo, responderemos a algunas de las preguntas m\u00e1s frecuentes relacionadas con este tema y proporcionaremos informaci\u00f3n clave para aquellos que est\u00e9n interesados en conocer los detalles sobre esta situaci\u00f3n. Curiosidades, estad\u00edsticas"},"aioseo_meta_data":{"post_id":"76316","title":null,"description":null,"keywords":null,"keyphrases":null,"primary_term":null,"canonical_url":null,"og_title":null,"og_description":null,"og_object_type":"default","og_image_type":"default","og_image_url":null,"og_image_width":null,"og_image_height":null,"og_image_custom_url":null,"og_image_custom_fields":null,"og_video":null,"og_custom_url":null,"og_article_section":null,"og_article_tags":null,"twitter_use_og":false,"twitter_card":"default","twitter_image_type":"default","twitter_image_url":null,"twitter_image_custom_url":null,"twitter_image_custom_fields":null,"twitter_title":null,"twitter_description":null,"schema":{"blockGraphs":[],"customGraphs":[],"default":{"data":{"Article":[],"Course":[],"Dataset":[],"FAQPage":[],"Movie":[],"Person":[],"Product":[],"ProductReview":[],"Car":[],"Recipe":[],"Service":[],"SoftwareApplication":[],"WebPage":[]},"graphName":"","isEnabled":true},"graphs":[]},"schema_type":"default","schema_type_options":null,"pillar_content":false,"robots_default":true,"robots_noindex":false,"robots_noarchive":false,"robots_nosnippet":false,"robots_nofollow":false,"robots_noimageindex":false,"robots_noodp":false,"robots_notranslate":false,"robots_max_snippet":null,"robots_max_videopreview":null,"robots_max_imagepreview":"large","priority":null,"frequency":null,"local_seo":null,"breadcrumb_settings":null,"limit_modified_date":false,"ai":null,"created":"2023-07-13 10:52:56","updated":"2025-03-13 20:40:28","seo_analyzer_scan_date":null,"focus_keyword":null,"additional_keywords":null,"truseo_locale":null},"aioseo_breadcrumb":"<div class=\"aioseo-breadcrumbs\"><span class=\"aioseo-breadcrumb\">\n\t\t\t<a href=\"https:\/\/dudasytextos.com\/se-puede\" title=\"Home\">Home<\/a>\n\t\t<\/span><span class=\"aioseo-breadcrumb-separator\">&raquo;<\/span><span class=\"aioseo-breadcrumb\">\n\t\t\t<a href=\"https:\/\/dudasytextos.com\/se-puede\/category\/se-puede\/\" title=\"\u00bfSe puede?\">\u00bfSe puede?<\/a>\n\t\t<\/span><span class=\"aioseo-breadcrumb-separator\">&raquo;<\/span><span class=\"aioseo-breadcrumb\">\n\t\t\tSe puede cobrar paro siendo autonomo\n\t\t<\/span><\/div>","aioseo_breadcrumb_json":[{"label":"Home","link":"https:\/\/dudasytextos.com\/se-puede"},{"label":"\u00bfSe puede?","link":"https:\/\/dudasytextos.com\/se-puede\/category\/se-puede\/"},{"label":"Se puede cobrar paro siendo autonomo","link":"https:\/\/dudasytextos.com\/se-puede\/se-puede-cobrar-paro-siendo-autonomo\/"}],"_links":{"self":[{"href":"https:\/\/dudasytextos.com\/se-puede\/wp-json\/wp\/v2\/posts\/76316","targetHints":{"allow":["GET"]}}],"collection":[{"href":"https:\/\/dudasytextos.com\/se-puede\/wp-json\/wp\/v2\/posts"}],"about":[{"href":"https:\/\/dudasytextos.com\/se-puede\/wp-json\/wp\/v2\/types\/post"}],"author":[{"embeddable":true,"href":"https:\/\/dudasytextos.com\/se-puede\/wp-json\/wp\/v2\/users\/1"}],"replies":[{"embeddable":true,"href":"https:\/\/dudasytextos.com\/se-puede\/wp-json\/wp\/v2\/comments?post=76316"}],"version-history":[{"count":0,"href":"https:\/\/dudasytextos.com\/se-puede\/wp-json\/wp\/v2\/posts\/76316\/revisions"}],"wp:attachment":[{"href":"https:\/\/dudasytextos.com\/se-puede\/wp-json\/wp\/v2\/media?parent=76316"}],"wp:term":[{"taxonomy":"category","embeddable":true,"href":"https:\/\/dudasytextos.com\/se-puede\/wp-json\/wp\/v2\/categories?post=76316"},{"taxonomy":"post_tag","embeddable":true,"href":"https:\/\/dudasytextos.com\/se-puede\/wp-json\/wp\/v2\/tags?post=76316"}],"curies":[{"name":"wp","href":"https:\/\/api.w.org\/{rel}","templated":true}]}}