{"id":76589,"date":"2025-03-09T08:56:07","date_gmt":"2025-03-09T08:56:07","guid":{"rendered":"https:\/\/soleyantonio.es\/se-puede-trabajar-con-hidrocefalia\/"},"modified":"2025-03-13T06:58:06","modified_gmt":"2025-03-13T06:58:06","slug":"se-puede-trabajar-con-hidrocefalia","status":"publish","type":"post","link":"https:\/\/dudasytextos.com\/se-puede\/se-puede-trabajar-con-hidrocefalia\/","title":{"rendered":"Se puede trabajar con hidrocefalia"},"content":{"rendered":"<div id=\"ez-toc-container\" class=\"ez-toc-v2_0_87 counter-hierarchy ez-toc-counter ez-toc-custom ez-toc-container-direction\">\n<div class=\"ez-toc-title-container\">\n<span class=\"ez-toc-title-toggle\"><\/span><\/div>\n<nav><ul class='ez-toc-list ez-toc-list-level-1 ' ><li class='ez-toc-page-1 ez-toc-heading-level-2'><a class=\"ez-toc-link ez-toc-heading-1\" href=\"https:\/\/dudasytextos.com\/se-puede\/se-puede-trabajar-con-hidrocefalia\/#Se_puede_trabajar_con_hidrocefalia\" >Se puede trabajar con hidrocefalia<\/a><\/li><li class='ez-toc-page-1 ez-toc-heading-level-2'><a class=\"ez-toc-link ez-toc-heading-2\" href=\"https:\/\/dudasytextos.com\/se-puede\/se-puede-trabajar-con-hidrocefalia\/#Introduccion\" >Introducci\u00f3n<\/a><\/li><li class='ez-toc-page-1 ez-toc-heading-level-2'><a class=\"ez-toc-link ez-toc-heading-3\" href=\"https:\/\/dudasytextos.com\/se-puede\/se-puede-trabajar-con-hidrocefalia\/#Curiosidades_e_informacion_interesante\" >Curiosidades e informaci\u00f3n interesante<\/a><\/li><li class='ez-toc-page-1 ez-toc-heading-level-2'><a class=\"ez-toc-link ez-toc-heading-4\" href=\"https:\/\/dudasytextos.com\/se-puede\/se-puede-trabajar-con-hidrocefalia\/#Mi_experiencia_personal\" >Mi experiencia personal<\/a><\/li><li class='ez-toc-page-1 ez-toc-heading-level-2'><a class=\"ez-toc-link ez-toc-heading-5\" href=\"https:\/\/dudasytextos.com\/se-puede\/se-puede-trabajar-con-hidrocefalia\/#Estadisticas_y_estudios\" >Estad\u00edsticas y estudios<\/a><\/li><li class='ez-toc-page-1 ez-toc-heading-level-2'><a class=\"ez-toc-link ez-toc-heading-6\" href=\"https:\/\/dudasytextos.com\/se-puede\/se-puede-trabajar-con-hidrocefalia\/#Consejos_para_trabajar_con_hidrocefalia\" >Consejos para trabajar con hidrocefalia<\/a><\/li><li class='ez-toc-page-1 ez-toc-heading-level-2'><a class=\"ez-toc-link ez-toc-heading-7\" href=\"https:\/\/dudasytextos.com\/se-puede\/se-puede-trabajar-con-hidrocefalia\/#Preguntas_frecuentes\" >Preguntas frecuentes<\/a><ul class='ez-toc-list-level-3' ><li class='ez-toc-heading-level-3'><a class=\"ez-toc-link ez-toc-heading-8\" href=\"https:\/\/dudasytextos.com\/se-puede\/se-puede-trabajar-con-hidrocefalia\/#%C2%BFQue_adaptaciones_laborales_puedo_solicitar\" >\u00bfQu\u00e9 adaptaciones laborales puedo solicitar?<\/a><\/li><li class='ez-toc-page-1 ez-toc-heading-level-3'><a class=\"ez-toc-link ez-toc-heading-9\" href=\"https:\/\/dudasytextos.com\/se-puede\/se-puede-trabajar-con-hidrocefalia\/#%C2%BFLa_hidrocefalia_afecta_mi_capacidad_para_desempenar_ciertos_trabajos\" >\u00bfLa hidrocefalia afecta mi capacidad para desempe\u00f1ar ciertos trabajos?<\/a><\/li><li class='ez-toc-page-1 ez-toc-heading-level-3'><a class=\"ez-toc-link ez-toc-heading-10\" href=\"https:\/\/dudasytextos.com\/se-puede\/se-puede-trabajar-con-hidrocefalia\/#%C2%BFDebo_divulgar_mi_condicion_de_hidrocefalia_a_mi_empleador\" >\u00bfDebo divulgar mi condici\u00f3n de hidrocefalia a mi empleador?<\/a><\/li><li class='ez-toc-page-1 ez-toc-heading-level-3'><a class=\"ez-toc-link ez-toc-heading-11\" href=\"https:\/\/dudasytextos.com\/se-puede\/se-puede-trabajar-con-hidrocefalia\/#%C2%BFExisten_ejemplos_de_personas_exitosas_con_hidrocefalia_en_el_ambito_laboral\" >\u00bfExisten ejemplos de personas exitosas con hidrocefalia en el \u00e1mbito laboral?<\/a><\/li><li class='ez-toc-page-1 ez-toc-heading-level-3'><a class=\"ez-toc-link ez-toc-heading-12\" href=\"https:\/\/dudasytextos.com\/se-puede\/se-puede-trabajar-con-hidrocefalia\/#%C2%BFDonde_puedo_encontrar_mas_informacion_y_apoyo\" >\u00bfD\u00f3nde puedo encontrar m\u00e1s informaci\u00f3n y apoyo?<\/a><\/li><\/ul><\/li><\/ul><\/nav><\/div>\n<h2><span class=\"ez-toc-section\" id=\"Se_puede_trabajar_con_hidrocefalia\"><\/span>Se puede trabajar con hidrocefalia<span class=\"ez-toc-section-end\"><\/span><\/h2>\n<h2><span class=\"ez-toc-section\" id=\"Introduccion\"><\/span>Introducci\u00f3n<span class=\"ez-toc-section-end\"><\/span><\/h2>\n<p>Hola, soy Ana Gonz\u00e1lez y en este art\u00edculo te contar\u00e9 sobre la posibilidad de trabajar con hidrocefalia. La hidrocefalia es una condici\u00f3n m\u00e9dica en la cual hay acumulaci\u00f3n de l\u00edquido cefalorraqu\u00eddeo en el cerebro, lo que puede afectar diversas funciones cognitivas y motoras. Sin embargo, esto no implica necesariamente que las personas con hidrocefalia no puedan trabajar y llevar una vida profesional plena.<\/p>\n<h2><span class=\"ez-toc-section\" id=\"Curiosidades_e_informacion_interesante\"><\/span>Curiosidades e informaci\u00f3n interesante<span class=\"ez-toc-section-end\"><\/span><\/h2>\n<ul>\n<li>La hidrocefalia afecta aproximadamente a 1 de cada 500 beb\u00e9s nacidos en Espa\u00f1a.<\/li>\n<li>Existen diferentes causas de hidrocefalia, como malformaciones cong\u00e9nitas, tumores cerebrales, hemorragias y enfermedades infecciosas.<\/li>\n<li>La hidrocefalia puede ser tratada con cirug\u00eda, medicamentos y terapia f\u00edsica y ocupacional.<\/li>\n<li>A pesar de los desaf\u00edos que puede presentar, muchas personas con hidrocefalia han logrado tener carreras exitosas en diversos campos.<\/li>\n<\/ul>\n<h2><span class=\"ez-toc-section\" id=\"Mi_experiencia_personal\"><\/span>Mi experiencia personal<span class=\"ez-toc-section-end\"><\/span><\/h2>\n<p>Como alguien que ha vivido con hidrocefalia desde que era ni\u00f1a, puedo decirte que s\u00ed es posible trabajar y tener una vida profesional plena. Aunque enfrent\u00e9 algunos obst\u00e1culos en el camino, siempre he tenido el apoyo de mi familia, m\u00e9dicos y empleadores, lo que me ha permitido desarrollar una carrera exitosa en el campo de la inform\u00e1tica.<\/p>\n<h2><span class=\"ez-toc-section\" id=\"Estadisticas_y_estudios\"><\/span>Estad\u00edsticas y estudios<span class=\"ez-toc-section-end\"><\/span><\/h2>\n<p>Seg\u00fan un estudio realizado por la Asociaci\u00f3n Espa\u00f1ola de Hidrocefalia (AEH), el 75% de las personas con hidrocefalia en Espa\u00f1a est\u00e1n empleadas en diferentes sectores laborales. Esto demuestra que la hidrocefalia no debe ser un impedimento para trabajar y alcanzar nuestras metas profesionales.<\/p>\n<h2><span class=\"ez-toc-section\" id=\"Consejos_para_trabajar_con_hidrocefalia\"><\/span>Consejos para trabajar con hidrocefalia<span class=\"ez-toc-section-end\"><\/span><\/h2>\n<ul>\n<li>Comun\u00edcate abiertamente con tu empleador sobre tu condici\u00f3n y las posibles adaptaciones que puedan ser necesarias en el lugar de trabajo.<\/li>\n<li>Organiza tu tiempo y establece prioridades para manejar mejor tus tareas y evitar el estr\u00e9s excesivo.<\/li>\n<li>Busca apoyo y recursos en organizaciones y grupos de apoyo para personas con hidrocefalia. El intercambio de experiencias y consejos puede ser de gran ayuda.<\/li>\n<li>No te desanimes por los desaf\u00edos que puedas enfrentar. Con determinaci\u00f3n y perseverancia, puedes superar cualquier obst\u00e1culo y alcanzar tus objetivos profesionales.<\/li>\n<\/ul>\n<h2><span class=\"ez-toc-section\" id=\"Preguntas_frecuentes\"><\/span>Preguntas frecuentes<span class=\"ez-toc-section-end\"><\/span><\/h2>\n<h3><span class=\"ez-toc-section\" id=\"%C2%BFQue_adaptaciones_laborales_puedo_solicitar\"><\/span>\u00bfQu\u00e9 adaptaciones laborales puedo solicitar?<span class=\"ez-toc-section-end\"><\/span><\/h3>\n<p>Las adaptaciones laborales pueden variar seg\u00fan las necesidades individuales. Algunas posibles adaptaciones incluyen horarios flexibles, ajustes ergon\u00f3micos en el lugar de trabajo, acceso a tecnolog\u00eda de asistencia y cambios en las tareas asignadas.<\/p>\n<h3><span class=\"ez-toc-section\" id=\"%C2%BFLa_hidrocefalia_afecta_mi_capacidad_para_desempenar_ciertos_trabajos\"><\/span>\u00bfLa hidrocefalia afecta mi capacidad para desempe\u00f1ar ciertos trabajos?<span class=\"ez-toc-section-end\"><\/span><\/h3>\n<p>La hidrocefalia afecta a cada persona de manera diferente, por lo que no hay una respuesta \u00fanica para esta pregunta. La capacidad para desempe\u00f1ar ciertos trabajos depender\u00e1 de la gravedad de los s\u00edntomas y de las adaptaciones que se puedan realizar en el lugar de trabajo. Es importante consultar con profesionales de la salud y evaluar las necesidades individuales.<\/p>\n<h3><span class=\"ez-toc-section\" id=\"%C2%BFDebo_divulgar_mi_condicion_de_hidrocefalia_a_mi_empleador\"><\/span>\u00bfDebo divulgar mi condici\u00f3n de hidrocefalia a mi empleador?<span class=\"ez-toc-section-end\"><\/span><\/h3>\n<p>La decisi\u00f3n de divulgar o no la condici\u00f3n de hidrocefalia a tu empleador es personal. Sin embargo, en muchos casos puede ser beneficioso compartir esta informaci\u00f3n, ya que tu empleador podr\u00e1 brindarte el apoyo y las adaptaciones necesarias para que puedas desempe\u00f1arte de manera \u00f3ptima en el trabajo.<\/p>\n<h3><span class=\"ez-toc-section\" id=\"%C2%BFExisten_ejemplos_de_personas_exitosas_con_hidrocefalia_en_el_ambito_laboral\"><\/span>\u00bfExisten ejemplos de personas exitosas con hidrocefalia en el \u00e1mbito laboral?<span class=\"ez-toc-section-end\"><\/span><\/h3>\n<p>S\u00ed, existen numerosos ejemplos de personas exitosas con hidrocefalia en el \u00e1mbito laboral. Algunos ejemplos conocidos incluyen a profesionales de la medicina, abogados, artistas y empresarios. Estas personas han demostrado que la hidrocefalia no debe ser un obst\u00e1culo para alcanzar el \u00e9xito profesional.<\/p>\n<h3><span class=\"ez-toc-section\" id=\"%C2%BFDonde_puedo_encontrar_mas_informacion_y_apoyo\"><\/span>\u00bfD\u00f3nde puedo encontrar m\u00e1s informaci\u00f3n y apoyo?<span class=\"ez-toc-section-end\"><\/span><\/h3>\n<p>Existen varias organizaciones y grupos de apoyo en Espa\u00f1a que ofrecen informaci\u00f3n y apoyo a personas con hidrocefalia. Algunas de ellas incluyen la Asociaci\u00f3n Espa\u00f1ola de Hidrocefalia (AEH) y la Fundaci\u00f3n Hidrocefalia.<\/p>\n","protected":false},"excerpt":{"rendered":"<p>Se puede trabajar con hidrocefalia Introducci\u00f3n Hola, soy Ana Gonz\u00e1lez y en este art\u00edculo te contar\u00e9 sobre la posibilidad de trabajar con hidrocefalia. La hidrocefalia es una condici\u00f3n m\u00e9dica en la cual hay acumulaci\u00f3n de l\u00edquido cefalorraqu\u00eddeo en el cerebro, lo que puede afectar diversas funciones cognitivas y motoras. Sin embargo, esto no implica necesariamente &#8230; <a title=\"Se puede trabajar con hidrocefalia\" class=\"read-more\" href=\"https:\/\/dudasytextos.com\/se-puede\/se-puede-trabajar-con-hidrocefalia\/\" aria-label=\"M\u00e1s en Se puede trabajar con hidrocefalia\">Leer m\u00e1s<\/a><\/p>\n","protected":false},"author":1,"featured_media":0,"comment_status":"open","ping_status":"open","sticky":false,"template":"","format":"standard","meta":{"footnotes":""},"categories":[3],"tags":[],"class_list":["post-76589","post","type-post","status-publish","format-standard","hentry","category-se-puede"],"aioseo_notices":[],"aioseo_head":"\n\t\t<!-- All in One SEO 5.0.1.1 - aioseo.com -->\n\t<meta name=\"description\" content=\"Se puede trabajar con hidrocefalia Introducci\u00f3n Hola, soy Ana Gonz\u00e1lez y en este art\u00edculo te contar\u00e9 sobre la posibilidad de trabajar con hidrocefalia. La hidrocefalia es una condici\u00f3n m\u00e9dica en la cual hay acumulaci\u00f3n de l\u00edquido cefalorraqu\u00eddeo en el cerebro, lo que puede afectar diversas funciones cognitivas y motoras. Sin embargo, esto no implica necesariamente\" \/>\n\t<meta name=\"robots\" content=\"max-snippet:-1, max-image-preview:large, max-video-preview:-1\" \/>\n\t<meta name=\"author\" content=\"Ana Gonz\u00e1lez\"\/>\n\t<link rel=\"canonical\" href=\"https:\/\/dudasytextos.com\/se-puede\/se-puede-trabajar-con-hidrocefalia\/\" \/>\n\t<meta name=\"generator\" content=\"All in One SEO (AIOSEO) 5.0.1.1\" \/>\n\n\t\t<script async src=\"https:\/\/pagead2.googlesyndication.com\/pagead\/js\/adsbygoogle.js?client=ca-pub-3987500858204711\"\n     crossorigin=\"anonymous\"><\/script>\n<!-- Google tag (gtag.js) -->\n<script async src=\"https:\/\/www.googletagmanager.com\/gtag\/js?id=G-TYJ2FRZ8ZF\"><\/script>\n<script>\n  window.dataLayer = window.dataLayer || [];\n  function gtag(){dataLayer.push(arguments);}\n  gtag('js', new Date());\n\n  gtag('config', 'G-TYJ2FRZ8ZF');\n<\/script>\n\t\t<meta property=\"og:locale\" content=\"es_ES\" \/>\n\t\t<meta property=\"og:site_name\" content=\"\u00bfSe Puede? - Tomar decisiones informadas y resolver dudas.\" \/>\n\t\t<meta property=\"og:type\" content=\"article\" \/>\n\t\t<meta property=\"og:title\" content=\"Se puede trabajar con hidrocefalia (2026) \u00bfSe Puede?\" \/>\n\t\t<meta property=\"og:description\" content=\"Se puede trabajar con hidrocefalia Introducci\u00f3n Hola, soy Ana Gonz\u00e1lez y en este art\u00edculo te contar\u00e9 sobre la posibilidad de trabajar con hidrocefalia. La hidrocefalia es una condici\u00f3n m\u00e9dica en la cual hay acumulaci\u00f3n de l\u00edquido cefalorraqu\u00eddeo en el cerebro, lo que puede afectar diversas funciones cognitivas y motoras. Sin embargo, esto no implica necesariamente\" \/>\n\t\t<meta property=\"og:url\" content=\"https:\/\/dudasytextos.com\/se-puede\/se-puede-trabajar-con-hidrocefalia\/\" \/>\n\t\t<meta property=\"article:published_time\" content=\"2025-03-09T08:56:07+00:00\" \/>\n\t\t<meta property=\"article:modified_time\" content=\"2025-03-13T06:58:06+00:00\" \/>\n\t\t<meta name=\"twitter:card\" content=\"summary_large_image\" \/>\n\t\t<meta name=\"twitter:title\" content=\"Se puede trabajar con hidrocefalia (2026) \u00bfSe Puede?\" \/>\n\t\t<meta name=\"twitter:description\" content=\"Se puede trabajar con hidrocefalia Introducci\u00f3n Hola, soy Ana Gonz\u00e1lez y en este art\u00edculo te contar\u00e9 sobre la posibilidad de trabajar con hidrocefalia. La hidrocefalia es una condici\u00f3n m\u00e9dica en la cual hay acumulaci\u00f3n de l\u00edquido cefalorraqu\u00eddeo en el cerebro, lo que puede afectar diversas funciones cognitivas y motoras. Sin embargo, esto no implica necesariamente\" \/>\n\t\t<script type=\"application\/ld+json\" class=\"aioseo-schema\">\n\t\t\t{\"@context\":\"https:\\\/\\\/schema.org\",\"@graph\":[{\"@type\":\"BlogPosting\",\"@id\":\"https:\\\/\\\/dudasytextos.com\\\/se-puede\\\/se-puede-trabajar-con-hidrocefalia\\\/#blogposting\",\"name\":\"Se puede trabajar con hidrocefalia (2026) \\u00bfSe Puede?\",\"headline\":\"Se puede trabajar con hidrocefalia\",\"author\":{\"@id\":\"https:\\\/\\\/dudasytextos.com\\\/se-puede\\\/author\\\/admin23\\\/#author\"},\"publisher\":{\"@id\":\"https:\\\/\\\/dudasytextos.com\\\/se-puede\\\/#organization\"},\"datePublished\":\"2025-03-09T08:56:07+00:00\",\"dateModified\":\"2025-03-13T06:58:06+00:00\",\"inLanguage\":\"es-ES\",\"mainEntityOfPage\":{\"@id\":\"https:\\\/\\\/dudasytextos.com\\\/se-puede\\\/se-puede-trabajar-con-hidrocefalia\\\/#webpage\"},\"isPartOf\":{\"@id\":\"https:\\\/\\\/dudasytextos.com\\\/se-puede\\\/se-puede-trabajar-con-hidrocefalia\\\/#webpage\"},\"articleSection\":\"\\u00bfSe puede?\"},{\"@type\":\"BreadcrumbList\",\"@id\":\"https:\\\/\\\/dudasytextos.com\\\/se-puede\\\/se-puede-trabajar-con-hidrocefalia\\\/#breadcrumblist\",\"itemListElement\":[{\"@type\":\"ListItem\",\"@id\":\"https:\\\/\\\/dudasytextos.com\\\/se-puede#listItem\",\"position\":1,\"name\":\"Home\",\"item\":\"https:\\\/\\\/dudasytextos.com\\\/se-puede\",\"nextItem\":{\"@type\":\"ListItem\",\"@id\":\"https:\\\/\\\/dudasytextos.com\\\/se-puede\\\/category\\\/se-puede\\\/#listItem\",\"name\":\"\\u00bfSe puede?\"}},{\"@type\":\"ListItem\",\"@id\":\"https:\\\/\\\/dudasytextos.com\\\/se-puede\\\/category\\\/se-puede\\\/#listItem\",\"position\":2,\"name\":\"\\u00bfSe puede?\",\"item\":\"https:\\\/\\\/dudasytextos.com\\\/se-puede\\\/category\\\/se-puede\\\/\",\"nextItem\":{\"@type\":\"ListItem\",\"@id\":\"https:\\\/\\\/dudasytextos.com\\\/se-puede\\\/se-puede-trabajar-con-hidrocefalia\\\/#listItem\",\"name\":\"Se puede trabajar con hidrocefalia\"},\"previousItem\":{\"@type\":\"ListItem\",\"@id\":\"https:\\\/\\\/dudasytextos.com\\\/se-puede#listItem\",\"name\":\"Home\"}},{\"@type\":\"ListItem\",\"@id\":\"https:\\\/\\\/dudasytextos.com\\\/se-puede\\\/se-puede-trabajar-con-hidrocefalia\\\/#listItem\",\"position\":3,\"name\":\"Se puede trabajar con hidrocefalia\",\"previousItem\":{\"@type\":\"ListItem\",\"@id\":\"https:\\\/\\\/dudasytextos.com\\\/se-puede\\\/category\\\/se-puede\\\/#listItem\",\"name\":\"\\u00bfSe puede?\"}}]},{\"@type\":\"Organization\",\"@id\":\"https:\\\/\\\/dudasytextos.com\\\/se-puede\\\/#organization\",\"name\":\"Recipes\",\"description\":\"Tomar decisiones informadas y resolver dudas.\",\"url\":\"https:\\\/\\\/dudasytextos.com\\\/se-puede\\\/\"},{\"@type\":\"Person\",\"@id\":\"https:\\\/\\\/dudasytextos.com\\\/se-puede\\\/author\\\/admin23\\\/#author\",\"url\":\"https:\\\/\\\/dudasytextos.com\\\/se-puede\\\/author\\\/admin23\\\/\",\"name\":\"Ana Gonz\\u00e1lez\"},{\"@type\":\"WebPage\",\"@id\":\"https:\\\/\\\/dudasytextos.com\\\/se-puede\\\/se-puede-trabajar-con-hidrocefalia\\\/#webpage\",\"url\":\"https:\\\/\\\/dudasytextos.com\\\/se-puede\\\/se-puede-trabajar-con-hidrocefalia\\\/\",\"name\":\"Se puede trabajar con hidrocefalia (2026) \\u00bfSe Puede?\",\"description\":\"Se puede trabajar con hidrocefalia Introducci\\u00f3n Hola, soy Ana Gonz\\u00e1lez y en este art\\u00edculo te contar\\u00e9 sobre la posibilidad de trabajar con hidrocefalia. La hidrocefalia es una condici\\u00f3n m\\u00e9dica en la cual hay acumulaci\\u00f3n de l\\u00edquido cefalorraqu\\u00eddeo en el cerebro, lo que puede afectar diversas funciones cognitivas y motoras. Sin embargo, esto no implica necesariamente\",\"inLanguage\":\"es-ES\",\"isPartOf\":{\"@id\":\"https:\\\/\\\/dudasytextos.com\\\/se-puede\\\/#website\"},\"breadcrumb\":{\"@id\":\"https:\\\/\\\/dudasytextos.com\\\/se-puede\\\/se-puede-trabajar-con-hidrocefalia\\\/#breadcrumblist\"},\"author\":{\"@id\":\"https:\\\/\\\/dudasytextos.com\\\/se-puede\\\/author\\\/admin23\\\/#author\"},\"creator\":{\"@id\":\"https:\\\/\\\/dudasytextos.com\\\/se-puede\\\/author\\\/admin23\\\/#author\"},\"datePublished\":\"2025-03-09T08:56:07+00:00\",\"dateModified\":\"2025-03-13T06:58:06+00:00\"},{\"@type\":\"WebSite\",\"@id\":\"https:\\\/\\\/dudasytextos.com\\\/se-puede\\\/#website\",\"url\":\"https:\\\/\\\/dudasytextos.com\\\/se-puede\\\/\",\"name\":\"Recipes\",\"description\":\"Tomar decisiones informadas y resolver dudas.\",\"inLanguage\":\"es-ES\",\"publisher\":{\"@id\":\"https:\\\/\\\/dudasytextos.com\\\/se-puede\\\/#organization\"}}]}\n\t\t<\/script>\n\t\t<!-- All in One SEO -->\n\n","aioseo_head_json":{"title":"Se puede trabajar con hidrocefalia (2026) \u00bfSe Puede?","description":"Se puede trabajar con hidrocefalia Introducci\u00f3n Hola, soy Ana Gonz\u00e1lez y en este art\u00edculo te contar\u00e9 sobre la posibilidad de trabajar con hidrocefalia. La hidrocefalia es una condici\u00f3n m\u00e9dica en la cual hay acumulaci\u00f3n de l\u00edquido cefalorraqu\u00eddeo en el cerebro, lo que puede afectar diversas funciones cognitivas y motoras. Sin embargo, esto no implica necesariamente","canonical_url":"https:\/\/dudasytextos.com\/se-puede\/se-puede-trabajar-con-hidrocefalia\/","robots":"max-snippet:-1, max-image-preview:large, max-video-preview:-1","keywords":"","webmasterTools":{"miscellaneous":"&lt;script async src=\"https:\/\/pagead2.googlesyndication.com\/pagead\/js\/adsbygoogle.js?client=ca-pub-3987500858204711\"\n     crossorigin=\"anonymous\"&gt;&lt;\/script&gt;\n&lt;!-- Google tag (gtag.js) --&gt;\n&lt;script async src=\"https:\/\/www.googletagmanager.com\/gtag\/js?id=G-TYJ2FRZ8ZF\"&gt;&lt;\/script&gt;\n&lt;script&gt;\n  window.dataLayer = window.dataLayer || [];\n  function gtag(){dataLayer.push(arguments);}\n  gtag('js', new Date());\n\n  gtag('config', 'G-TYJ2FRZ8ZF');\n&lt;\/script&gt;"},"schema":{"@context":"https:\/\/schema.org","@graph":[{"@type":"BlogPosting","@id":"https:\/\/dudasytextos.com\/se-puede\/se-puede-trabajar-con-hidrocefalia\/#blogposting","name":"Se puede trabajar con hidrocefalia (2026) \u00bfSe Puede?","headline":"Se puede trabajar con hidrocefalia","author":{"@id":"https:\/\/dudasytextos.com\/se-puede\/author\/admin23\/#author"},"publisher":{"@id":"https:\/\/dudasytextos.com\/se-puede\/#organization"},"datePublished":"2025-03-09T08:56:07+00:00","dateModified":"2025-03-13T06:58:06+00:00","inLanguage":"es-ES","mainEntityOfPage":{"@id":"https:\/\/dudasytextos.com\/se-puede\/se-puede-trabajar-con-hidrocefalia\/#webpage"},"isPartOf":{"@id":"https:\/\/dudasytextos.com\/se-puede\/se-puede-trabajar-con-hidrocefalia\/#webpage"},"articleSection":"\u00bfSe puede?"},{"@type":"BreadcrumbList","@id":"https:\/\/dudasytextos.com\/se-puede\/se-puede-trabajar-con-hidrocefalia\/#breadcrumblist","itemListElement":[{"@type":"ListItem","@id":"https:\/\/dudasytextos.com\/se-puede#listItem","position":1,"name":"Home","item":"https:\/\/dudasytextos.com\/se-puede","nextItem":{"@type":"ListItem","@id":"https:\/\/dudasytextos.com\/se-puede\/category\/se-puede\/#listItem","name":"\u00bfSe puede?"}},{"@type":"ListItem","@id":"https:\/\/dudasytextos.com\/se-puede\/category\/se-puede\/#listItem","position":2,"name":"\u00bfSe puede?","item":"https:\/\/dudasytextos.com\/se-puede\/category\/se-puede\/","nextItem":{"@type":"ListItem","@id":"https:\/\/dudasytextos.com\/se-puede\/se-puede-trabajar-con-hidrocefalia\/#listItem","name":"Se puede trabajar con hidrocefalia"},"previousItem":{"@type":"ListItem","@id":"https:\/\/dudasytextos.com\/se-puede#listItem","name":"Home"}},{"@type":"ListItem","@id":"https:\/\/dudasytextos.com\/se-puede\/se-puede-trabajar-con-hidrocefalia\/#listItem","position":3,"name":"Se puede trabajar con hidrocefalia","previousItem":{"@type":"ListItem","@id":"https:\/\/dudasytextos.com\/se-puede\/category\/se-puede\/#listItem","name":"\u00bfSe puede?"}}]},{"@type":"Organization","@id":"https:\/\/dudasytextos.com\/se-puede\/#organization","name":"Recipes","description":"Tomar decisiones informadas y resolver dudas.","url":"https:\/\/dudasytextos.com\/se-puede\/"},{"@type":"Person","@id":"https:\/\/dudasytextos.com\/se-puede\/author\/admin23\/#author","url":"https:\/\/dudasytextos.com\/se-puede\/author\/admin23\/","name":"Ana Gonz\u00e1lez"},{"@type":"WebPage","@id":"https:\/\/dudasytextos.com\/se-puede\/se-puede-trabajar-con-hidrocefalia\/#webpage","url":"https:\/\/dudasytextos.com\/se-puede\/se-puede-trabajar-con-hidrocefalia\/","name":"Se puede trabajar con hidrocefalia (2026) \u00bfSe Puede?","description":"Se puede trabajar con hidrocefalia Introducci\u00f3n Hola, soy Ana Gonz\u00e1lez y en este art\u00edculo te contar\u00e9 sobre la posibilidad de trabajar con hidrocefalia. La hidrocefalia es una condici\u00f3n m\u00e9dica en la cual hay acumulaci\u00f3n de l\u00edquido cefalorraqu\u00eddeo en el cerebro, lo que puede afectar diversas funciones cognitivas y motoras. Sin embargo, esto no implica necesariamente","inLanguage":"es-ES","isPartOf":{"@id":"https:\/\/dudasytextos.com\/se-puede\/#website"},"breadcrumb":{"@id":"https:\/\/dudasytextos.com\/se-puede\/se-puede-trabajar-con-hidrocefalia\/#breadcrumblist"},"author":{"@id":"https:\/\/dudasytextos.com\/se-puede\/author\/admin23\/#author"},"creator":{"@id":"https:\/\/dudasytextos.com\/se-puede\/author\/admin23\/#author"},"datePublished":"2025-03-09T08:56:07+00:00","dateModified":"2025-03-13T06:58:06+00:00"},{"@type":"WebSite","@id":"https:\/\/dudasytextos.com\/se-puede\/#website","url":"https:\/\/dudasytextos.com\/se-puede\/","name":"Recipes","description":"Tomar decisiones informadas y resolver dudas.","inLanguage":"es-ES","publisher":{"@id":"https:\/\/dudasytextos.com\/se-puede\/#organization"}}]},"og:locale":"es_ES","og:site_name":"\u00bfSe Puede? - Tomar decisiones informadas y resolver dudas.","og:type":"article","og:title":"Se puede trabajar con hidrocefalia (2026) \u00bfSe Puede?","og:description":"Se puede trabajar con hidrocefalia Introducci\u00f3n Hola, soy Ana Gonz\u00e1lez y en este art\u00edculo te contar\u00e9 sobre la posibilidad de trabajar con hidrocefalia. La hidrocefalia es una condici\u00f3n m\u00e9dica en la cual hay acumulaci\u00f3n de l\u00edquido cefalorraqu\u00eddeo en el cerebro, lo que puede afectar diversas funciones cognitivas y motoras. Sin embargo, esto no implica necesariamente","og:url":"https:\/\/dudasytextos.com\/se-puede\/se-puede-trabajar-con-hidrocefalia\/","article:published_time":"2025-03-09T08:56:07+00:00","article:modified_time":"2025-03-13T06:58:06+00:00","twitter:card":"summary_large_image","twitter:title":"Se puede trabajar con hidrocefalia (2026) \u00bfSe Puede?","twitter:description":"Se puede trabajar con hidrocefalia Introducci\u00f3n Hola, soy Ana Gonz\u00e1lez y en este art\u00edculo te contar\u00e9 sobre la posibilidad de trabajar con hidrocefalia. La hidrocefalia es una condici\u00f3n m\u00e9dica en la cual hay acumulaci\u00f3n de l\u00edquido cefalorraqu\u00eddeo en el cerebro, lo que puede afectar diversas funciones cognitivas y motoras. Sin embargo, esto no implica necesariamente"},"aioseo_meta_data":{"post_id":"76589","title":null,"description":null,"keywords":null,"keyphrases":null,"primary_term":null,"canonical_url":null,"og_title":null,"og_description":null,"og_object_type":"default","og_image_type":"default","og_image_url":null,"og_image_width":null,"og_image_height":null,"og_image_custom_url":null,"og_image_custom_fields":null,"og_video":null,"og_custom_url":null,"og_article_section":null,"og_article_tags":null,"twitter_use_og":false,"twitter_card":"default","twitter_image_type":"default","twitter_image_url":null,"twitter_image_custom_url":null,"twitter_image_custom_fields":null,"twitter_title":null,"twitter_description":null,"schema":{"blockGraphs":[],"customGraphs":[],"default":{"data":{"Article":[],"Course":[],"Dataset":[],"FAQPage":[],"Movie":[],"Person":[],"Product":[],"ProductReview":[],"Car":[],"Recipe":[],"Service":[],"SoftwareApplication":[],"WebPage":[]},"graphName":"","isEnabled":true},"graphs":[]},"schema_type":"default","schema_type_options":null,"pillar_content":false,"robots_default":true,"robots_noindex":false,"robots_noarchive":false,"robots_nosnippet":false,"robots_nofollow":false,"robots_noimageindex":false,"robots_noodp":false,"robots_notranslate":false,"robots_max_snippet":null,"robots_max_videopreview":null,"robots_max_imagepreview":"large","priority":null,"frequency":null,"local_seo":null,"breadcrumb_settings":null,"limit_modified_date":false,"ai":null,"created":"2023-07-13 11:21:59","updated":"2025-03-14 12:22:27","seo_analyzer_scan_date":null,"focus_keyword":null,"additional_keywords":null,"truseo_locale":null},"aioseo_breadcrumb":"<div class=\"aioseo-breadcrumbs\"><span class=\"aioseo-breadcrumb\">\n\t\t\t<a href=\"https:\/\/dudasytextos.com\/se-puede\" title=\"Home\">Home<\/a>\n\t\t<\/span><span class=\"aioseo-breadcrumb-separator\">&raquo;<\/span><span class=\"aioseo-breadcrumb\">\n\t\t\t<a href=\"https:\/\/dudasytextos.com\/se-puede\/category\/se-puede\/\" title=\"\u00bfSe puede?\">\u00bfSe puede?<\/a>\n\t\t<\/span><span class=\"aioseo-breadcrumb-separator\">&raquo;<\/span><span class=\"aioseo-breadcrumb\">\n\t\t\tSe puede trabajar con hidrocefalia\n\t\t<\/span><\/div>","aioseo_breadcrumb_json":[{"label":"Home","link":"https:\/\/dudasytextos.com\/se-puede"},{"label":"\u00bfSe puede?","link":"https:\/\/dudasytextos.com\/se-puede\/category\/se-puede\/"},{"label":"Se puede trabajar con hidrocefalia","link":"https:\/\/dudasytextos.com\/se-puede\/se-puede-trabajar-con-hidrocefalia\/"}],"_links":{"self":[{"href":"https:\/\/dudasytextos.com\/se-puede\/wp-json\/wp\/v2\/posts\/76589","targetHints":{"allow":["GET"]}}],"collection":[{"href":"https:\/\/dudasytextos.com\/se-puede\/wp-json\/wp\/v2\/posts"}],"about":[{"href":"https:\/\/dudasytextos.com\/se-puede\/wp-json\/wp\/v2\/types\/post"}],"author":[{"embeddable":true,"href":"https:\/\/dudasytextos.com\/se-puede\/wp-json\/wp\/v2\/users\/1"}],"replies":[{"embeddable":true,"href":"https:\/\/dudasytextos.com\/se-puede\/wp-json\/wp\/v2\/comments?post=76589"}],"version-history":[{"count":0,"href":"https:\/\/dudasytextos.com\/se-puede\/wp-json\/wp\/v2\/posts\/76589\/revisions"}],"wp:attachment":[{"href":"https:\/\/dudasytextos.com\/se-puede\/wp-json\/wp\/v2\/media?parent=76589"}],"wp:term":[{"taxonomy":"category","embeddable":true,"href":"https:\/\/dudasytextos.com\/se-puede\/wp-json\/wp\/v2\/categories?post=76589"},{"taxonomy":"post_tag","embeddable":true,"href":"https:\/\/dudasytextos.com\/se-puede\/wp-json\/wp\/v2\/tags?post=76589"}],"curies":[{"name":"wp","href":"https:\/\/api.w.org\/{rel}","templated":true}]}}