{"id":76598,"date":"2025-02-19T20:08:13","date_gmt":"2025-02-19T20:08:13","guid":{"rendered":"https:\/\/soleyantonio.es\/se-puede-cortar-la-leche-materna\/"},"modified":"2025-03-13T00:50:37","modified_gmt":"2025-03-13T00:50:37","slug":"se-puede-cortar-la-leche-materna","status":"publish","type":"post","link":"https:\/\/dudasytextos.com\/se-puede\/se-puede-cortar-la-leche-materna\/","title":{"rendered":"Se puede cortar la leche materna"},"content":{"rendered":"<div id=\"ez-toc-container\" class=\"ez-toc-v2_0_87 counter-hierarchy ez-toc-counter ez-toc-custom ez-toc-container-direction\">\n<div class=\"ez-toc-title-container\">\n<span class=\"ez-toc-title-toggle\"><\/span><\/div>\n<nav><ul class='ez-toc-list ez-toc-list-level-1 ' ><li class='ez-toc-page-1 ez-toc-heading-level-2'><a class=\"ez-toc-link ez-toc-heading-1\" href=\"https:\/\/dudasytextos.com\/se-puede\/se-puede-cortar-la-leche-materna\/#Se_puede_cortar_la_leche_materna\" >Se puede cortar la leche materna<\/a><\/li><li class='ez-toc-page-1 ez-toc-heading-level-2'><a class=\"ez-toc-link ez-toc-heading-2\" href=\"https:\/\/dudasytextos.com\/se-puede\/se-puede-cortar-la-leche-materna\/#%C2%A1Descubre_todo_sobre_cortar_la_leche_materna\" >\u00a1Descubre todo sobre cortar la leche materna!<\/a><\/li><li class='ez-toc-page-1 ez-toc-heading-level-2'><a class=\"ez-toc-link ez-toc-heading-3\" href=\"https:\/\/dudasytextos.com\/se-puede\/se-puede-cortar-la-leche-materna\/#Curiosidades_estadisticas_y_hechos_interesantes\" >Curiosidades, estad\u00edsticas y hechos interesantes<\/a><\/li><li class='ez-toc-page-1 ez-toc-heading-level-2'><a class=\"ez-toc-link ez-toc-heading-4\" href=\"https:\/\/dudasytextos.com\/se-puede\/se-puede-cortar-la-leche-materna\/#%C2%BFSe_puede_cortar_la_leche_materna\" >\u00bfSe puede cortar la leche materna?<\/a><\/li><li class='ez-toc-page-1 ez-toc-heading-level-2'><a class=\"ez-toc-link ez-toc-heading-5\" href=\"https:\/\/dudasytextos.com\/se-puede\/se-puede-cortar-la-leche-materna\/#Mi_experiencia_personal\" >Mi experiencia personal<\/a><\/li><li class='ez-toc-page-1 ez-toc-heading-level-2'><a class=\"ez-toc-link ez-toc-heading-6\" href=\"https:\/\/dudasytextos.com\/se-puede\/se-puede-cortar-la-leche-materna\/#Preguntas_frecuentes\" >Preguntas frecuentes<\/a><ul class='ez-toc-list-level-3' ><li class='ez-toc-heading-level-3'><a class=\"ez-toc-link ez-toc-heading-7\" href=\"https:\/\/dudasytextos.com\/se-puede\/se-puede-cortar-la-leche-materna\/#1_%C2%BFCuales_son_los_signos_de_que_la_leche_materna_se_esta_cortando\" >1. \u00bfCu\u00e1les son los signos de que la leche materna se est\u00e1 cortando?<\/a><\/li><li class='ez-toc-page-1 ez-toc-heading-level-3'><a class=\"ez-toc-link ez-toc-heading-8\" href=\"https:\/\/dudasytextos.com\/se-puede\/se-puede-cortar-la-leche-materna\/#2_%C2%BFEs_doloroso_cortar_la_leche_materna\" >2. \u00bfEs doloroso cortar la leche materna?<\/a><\/li><li class='ez-toc-page-1 ez-toc-heading-level-3'><a class=\"ez-toc-link ez-toc-heading-9\" href=\"https:\/\/dudasytextos.com\/se-puede\/se-puede-cortar-la-leche-materna\/#3_%C2%BFCuanto_tiempo_se_tarda_en_cortar_la_leche_materna_por_completo\" >3. \u00bfCu\u00e1nto tiempo se tarda en cortar la leche materna por completo?<\/a><\/li><\/ul><\/li><\/ul><\/nav><\/div>\n<h2><span class=\"ez-toc-section\" id=\"Se_puede_cortar_la_leche_materna\"><\/span>Se puede cortar la leche materna<span class=\"ez-toc-section-end\"><\/span><\/h2>\n<h2><span class=\"ez-toc-section\" id=\"%C2%A1Descubre_todo_sobre_cortar_la_leche_materna\"><\/span>\u00a1Descubre todo sobre cortar la leche materna!<span class=\"ez-toc-section-end\"><\/span><\/h2>\n<p>Hola, soy Ana Gonz\u00e1lez y hoy te hablar\u00e9 sobre un tema muy interesante y relevante para las mam\u00e1s: \u00bfse puede cortar la leche materna? Si eres madre lactante o est\u00e1s a punto de serlo, es probable que te hayas planteado esta pregunta en alg\u00fan momento. En este art\u00edculo, te proporcionar\u00e9 informaci\u00f3n clave, basada en estudios y experiencias personales, para ayudarte a comprender mejor este tema.<\/p>\n<h2><span class=\"ez-toc-section\" id=\"Curiosidades_estadisticas_y_hechos_interesantes\"><\/span>Curiosidades, estad\u00edsticas y hechos interesantes<span class=\"ez-toc-section-end\"><\/span><\/h2>\n<ul>\n<li>La leche materna es un alimento \u00fanico y completo que proporciona todos los nutrientes necesarios para el beb\u00e9.<\/li>\n<li>Seg\u00fan estudios, la Organizaci\u00f3n Mundial de la Salud (OMS) recomienda la lactancia materna exclusiva hasta los 6 meses.<\/li>\n<li>Alrededor del 80% de las madres comienzan la lactancia materna despu\u00e9s del parto.<\/li>\n<li>La producci\u00f3n de leche materna est\u00e1 regulada por la demanda del beb\u00e9.<\/li>\n<li>La leche materna contiene anticuerpos que ayudan a fortalecer el sistema inmunol\u00f3gico del beb\u00e9.<\/li>\n<\/ul>\n<p>Ahora que ya conoces algunos datos interesantes sobre la leche materna, vayamos al meollo de la cuesti\u00f3n.<\/p>\n<h2><span class=\"ez-toc-section\" id=\"%C2%BFSe_puede_cortar_la_leche_materna\"><\/span>\u00bfSe puede cortar la leche materna?<span class=\"ez-toc-section-end\"><\/span><\/h2>\n<p>S\u00ed, es posible cortar la leche materna. Hay diversas razones por las que una madre podr\u00eda decidir hacerlo, como el destete gradual o la necesidad de tomar medicamentos que no sean compatibles con la lactancia. Sin embargo, es importante tener en cuenta que cortar la leche materna debe hacerse de forma gradual y cuidadosa, para evitar problemas de congesti\u00f3n mamaria o mastitis.<\/p>\n<p>Cada madre es \u00fanica y su cuerpo puede responder de manera diferente al proceso de corte de la leche materna. Algunas mujeres pueden experimentar una disminuci\u00f3n gradual de la producci\u00f3n de leche, mientras que otras pueden experimentar un proceso m\u00e1s r\u00e1pido. En cualquier caso, es recomendable contar con el apoyo de un profesional de la salud, como un <a href=\"https:\/\/dudasytextos.com\/se-puede\/se-puede-cambiar-de-medico-de-cabecera-estando-de-baja\/\">m\u00e9dico<\/a> o un asesor de lactancia, para recibir orientaci\u00f3n personalizada.<\/p>\n<p>Es importante destacar que el corte de la leche materna no debe ser una decisi\u00f3n tomada a la ligera. Es fundamental evaluar las necesidades y preferencias individuales de la madre y el beb\u00e9, as\u00ed como contar con informaci\u00f3n adecuada y apoyo emocional durante todo el proceso.<\/p>\n<h2><span class=\"ez-toc-section\" id=\"Mi_experiencia_personal\"><\/span>Mi experiencia personal<span class=\"ez-toc-section-end\"><\/span><\/h2>\n<p>Como madre lactante, puedo compartir contigo mi experiencia personal en relaci\u00f3n al corte de la leche materna. Despu\u00e9s de amamantar a mi hijo durante varios meses, decid\u00ed iniciar el proceso de destete gradual. Busqu\u00e9 el apoyo de un asesor de lactancia, quien me brind\u00f3 pautas y consejos para llevar a cabo el proceso de manera segura y respetuosa.<\/p>\n<p>A lo largo de varias semanas, fui reduciendo progresivamente el n\u00famero de tomas y sustituy\u00e9ndolas por otros alimentos adecuados para la edad de mi hijo. Durante este proceso, experiment\u00e9 algunos cambios en mi cuerpo, como una disminuci\u00f3n gradual de la producci\u00f3n de leche y una sensaci\u00f3n de plenitud en los pechos. Sin embargo, con paciencia y el apoyo adecuado, logr\u00e9 cortar la leche materna sin mayores inconvenientes.<\/p>\n<h2><span class=\"ez-toc-section\" id=\"Preguntas_frecuentes\"><\/span>Preguntas frecuentes<span class=\"ez-toc-section-end\"><\/span><\/h2>\n<h3><span class=\"ez-toc-section\" id=\"1_%C2%BFCuales_son_los_signos_de_que_la_leche_materna_se_esta_cortando\"><\/span>1. \u00bfCu\u00e1les son los signos de que la leche materna se est\u00e1 cortando?<span class=\"ez-toc-section-end\"><\/span><\/h3>\n<p>Los signos de que la leche materna se est\u00e1 cortando pueden variar de una madre a otra, pero algunos de los indicadores comunes incluyen una disminuci\u00f3n en la producci\u00f3n de leche, pechos menos llenos y cambios en la consistencia y el color de la leche.<\/p>\n<h3><span class=\"ez-toc-section\" id=\"2_%C2%BFEs_doloroso_cortar_la_leche_materna\"><\/span>2. \u00bfEs doloroso cortar la leche materna?<span class=\"ez-toc-section-end\"><\/span><\/h3>\n<p>El proceso de cortar la leche materna puede ser inc\u00f3modo debido a la congesti\u00f3n mamaria o a la sensibilidad en los pechos. Sin embargo, con las precauciones adecuadas y el seguimiento de las pautas de un profesional de la salud, se puede minimizar cualquier molestia o dolor.<\/p>\n<h3><span class=\"ez-toc-section\" id=\"3_%C2%BFCuanto_tiempo_se_tarda_en_cortar_la_leche_materna_por_completo\"><\/span>3. \u00bfCu\u00e1nto tiempo se tarda en cortar la leche materna por completo?<span class=\"ez-toc-section-end\"><\/span><\/h3>\n<p>El tiempo necesario para cortar por completo la leche materna puede variar de una madre a otra. En general, se recomienda un proceso gradual que puede durar varias semanas. Es importante recordar que cada cuerpo es diferente y que es fundamental respetar el ritmo y las necesidades individuales.<\/p>\n<p>Espero que este art\u00edculo te haya proporcionado informaci\u00f3n \u00fatil sobre el tema de cortar la leche materna. Recuerda que cada madre tiene el derecho de tomar decisiones informadas y contar con el apoyo necesario durante este proceso. \u00a1Mucho \u00e1nimo y \u00e9xito en tu experiencia de maternidad!<\/p>\n","protected":false},"excerpt":{"rendered":"<p>Se puede cortar la leche materna \u00a1Descubre todo sobre cortar la leche materna! Hola, soy Ana Gonz\u00e1lez y hoy te hablar\u00e9 sobre un tema muy interesante y relevante para las mam\u00e1s: \u00bfse puede cortar la leche materna? Si eres madre lactante o est\u00e1s a punto de serlo, es probable que te hayas planteado esta pregunta &#8230; <a title=\"Se puede cortar la leche materna\" class=\"read-more\" href=\"https:\/\/dudasytextos.com\/se-puede\/se-puede-cortar-la-leche-materna\/\" aria-label=\"M\u00e1s en Se puede cortar la leche materna\">Leer m\u00e1s<\/a><\/p>\n","protected":false},"author":1,"featured_media":0,"comment_status":"open","ping_status":"open","sticky":false,"template":"","format":"standard","meta":{"footnotes":""},"categories":[3],"tags":[],"class_list":["post-76598","post","type-post","status-publish","format-standard","hentry","category-se-puede"],"aioseo_notices":[],"aioseo_head":"\n\t\t<!-- All in One SEO 5.0.1.1 - aioseo.com -->\n\t<meta name=\"description\" content=\"Se puede cortar la leche materna \u00a1Descubre todo sobre cortar la leche materna! Hola, soy Ana Gonz\u00e1lez y hoy te hablar\u00e9 sobre un tema muy interesante y relevante para las mam\u00e1s: \u00bfse puede cortar la leche materna? Si eres madre lactante o est\u00e1s a punto de serlo, es probable que te hayas planteado esta pregunta\" \/>\n\t<meta name=\"robots\" content=\"max-snippet:-1, max-image-preview:large, max-video-preview:-1\" \/>\n\t<meta name=\"author\" content=\"Ana Gonz\u00e1lez\"\/>\n\t<link rel=\"canonical\" href=\"https:\/\/dudasytextos.com\/se-puede\/se-puede-cortar-la-leche-materna\/\" \/>\n\t<meta name=\"generator\" content=\"All in One SEO (AIOSEO) 5.0.1.1\" \/>\n\n\t\t<script async src=\"https:\/\/pagead2.googlesyndication.com\/pagead\/js\/adsbygoogle.js?client=ca-pub-3987500858204711\"\n     crossorigin=\"anonymous\"><\/script>\n<!-- Google tag (gtag.js) -->\n<script async src=\"https:\/\/www.googletagmanager.com\/gtag\/js?id=G-TYJ2FRZ8ZF\"><\/script>\n<script>\n  window.dataLayer = window.dataLayer || [];\n  function gtag(){dataLayer.push(arguments);}\n  gtag('js', new Date());\n\n  gtag('config', 'G-TYJ2FRZ8ZF');\n<\/script>\n\t\t<meta property=\"og:locale\" content=\"es_ES\" \/>\n\t\t<meta property=\"og:site_name\" content=\"\u00bfSe Puede? - Tomar decisiones informadas y resolver dudas.\" \/>\n\t\t<meta property=\"og:type\" content=\"article\" \/>\n\t\t<meta property=\"og:title\" content=\"Se puede cortar la leche materna (2026) \u00bfSe Puede?\" \/>\n\t\t<meta property=\"og:description\" content=\"Se puede cortar la leche materna \u00a1Descubre todo sobre cortar la leche materna! Hola, soy Ana Gonz\u00e1lez y hoy te hablar\u00e9 sobre un tema muy interesante y relevante para las mam\u00e1s: \u00bfse puede cortar la leche materna? Si eres madre lactante o est\u00e1s a punto de serlo, es probable que te hayas planteado esta pregunta\" \/>\n\t\t<meta property=\"og:url\" content=\"https:\/\/dudasytextos.com\/se-puede\/se-puede-cortar-la-leche-materna\/\" \/>\n\t\t<meta property=\"article:published_time\" content=\"2025-02-19T20:08:13+00:00\" \/>\n\t\t<meta property=\"article:modified_time\" content=\"2025-03-13T00:50:37+00:00\" \/>\n\t\t<meta name=\"twitter:card\" content=\"summary_large_image\" \/>\n\t\t<meta name=\"twitter:title\" content=\"Se puede cortar la leche materna (2026) \u00bfSe Puede?\" \/>\n\t\t<meta name=\"twitter:description\" content=\"Se puede cortar la leche materna \u00a1Descubre todo sobre cortar la leche materna! Hola, soy Ana Gonz\u00e1lez y hoy te hablar\u00e9 sobre un tema muy interesante y relevante para las mam\u00e1s: \u00bfse puede cortar la leche materna? Si eres madre lactante o est\u00e1s a punto de serlo, es probable que te hayas planteado esta pregunta\" \/>\n\t\t<script type=\"application\/ld+json\" class=\"aioseo-schema\">\n\t\t\t{\"@context\":\"https:\\\/\\\/schema.org\",\"@graph\":[{\"@type\":\"BlogPosting\",\"@id\":\"https:\\\/\\\/dudasytextos.com\\\/se-puede\\\/se-puede-cortar-la-leche-materna\\\/#blogposting\",\"name\":\"Se puede cortar la leche materna (2026) \\u00bfSe Puede?\",\"headline\":\"Se puede cortar la leche materna\",\"author\":{\"@id\":\"https:\\\/\\\/dudasytextos.com\\\/se-puede\\\/author\\\/admin23\\\/#author\"},\"publisher\":{\"@id\":\"https:\\\/\\\/dudasytextos.com\\\/se-puede\\\/#organization\"},\"datePublished\":\"2025-02-19T20:08:13+00:00\",\"dateModified\":\"2025-03-13T00:50:37+00:00\",\"inLanguage\":\"es-ES\",\"mainEntityOfPage\":{\"@id\":\"https:\\\/\\\/dudasytextos.com\\\/se-puede\\\/se-puede-cortar-la-leche-materna\\\/#webpage\"},\"isPartOf\":{\"@id\":\"https:\\\/\\\/dudasytextos.com\\\/se-puede\\\/se-puede-cortar-la-leche-materna\\\/#webpage\"},\"articleSection\":\"\\u00bfSe puede?\"},{\"@type\":\"BreadcrumbList\",\"@id\":\"https:\\\/\\\/dudasytextos.com\\\/se-puede\\\/se-puede-cortar-la-leche-materna\\\/#breadcrumblist\",\"itemListElement\":[{\"@type\":\"ListItem\",\"@id\":\"https:\\\/\\\/dudasytextos.com\\\/se-puede#listItem\",\"position\":1,\"name\":\"Home\",\"item\":\"https:\\\/\\\/dudasytextos.com\\\/se-puede\",\"nextItem\":{\"@type\":\"ListItem\",\"@id\":\"https:\\\/\\\/dudasytextos.com\\\/se-puede\\\/category\\\/se-puede\\\/#listItem\",\"name\":\"\\u00bfSe puede?\"}},{\"@type\":\"ListItem\",\"@id\":\"https:\\\/\\\/dudasytextos.com\\\/se-puede\\\/category\\\/se-puede\\\/#listItem\",\"position\":2,\"name\":\"\\u00bfSe puede?\",\"item\":\"https:\\\/\\\/dudasytextos.com\\\/se-puede\\\/category\\\/se-puede\\\/\",\"nextItem\":{\"@type\":\"ListItem\",\"@id\":\"https:\\\/\\\/dudasytextos.com\\\/se-puede\\\/se-puede-cortar-la-leche-materna\\\/#listItem\",\"name\":\"Se puede cortar la leche materna\"},\"previousItem\":{\"@type\":\"ListItem\",\"@id\":\"https:\\\/\\\/dudasytextos.com\\\/se-puede#listItem\",\"name\":\"Home\"}},{\"@type\":\"ListItem\",\"@id\":\"https:\\\/\\\/dudasytextos.com\\\/se-puede\\\/se-puede-cortar-la-leche-materna\\\/#listItem\",\"position\":3,\"name\":\"Se puede cortar la leche materna\",\"previousItem\":{\"@type\":\"ListItem\",\"@id\":\"https:\\\/\\\/dudasytextos.com\\\/se-puede\\\/category\\\/se-puede\\\/#listItem\",\"name\":\"\\u00bfSe puede?\"}}]},{\"@type\":\"Organization\",\"@id\":\"https:\\\/\\\/dudasytextos.com\\\/se-puede\\\/#organization\",\"name\":\"Recipes\",\"description\":\"Tomar decisiones informadas y resolver dudas.\",\"url\":\"https:\\\/\\\/dudasytextos.com\\\/se-puede\\\/\"},{\"@type\":\"Person\",\"@id\":\"https:\\\/\\\/dudasytextos.com\\\/se-puede\\\/author\\\/admin23\\\/#author\",\"url\":\"https:\\\/\\\/dudasytextos.com\\\/se-puede\\\/author\\\/admin23\\\/\",\"name\":\"Ana Gonz\\u00e1lez\"},{\"@type\":\"WebPage\",\"@id\":\"https:\\\/\\\/dudasytextos.com\\\/se-puede\\\/se-puede-cortar-la-leche-materna\\\/#webpage\",\"url\":\"https:\\\/\\\/dudasytextos.com\\\/se-puede\\\/se-puede-cortar-la-leche-materna\\\/\",\"name\":\"Se puede cortar la leche materna (2026) \\u00bfSe Puede?\",\"description\":\"Se puede cortar la leche materna \\u00a1Descubre todo sobre cortar la leche materna! Hola, soy Ana Gonz\\u00e1lez y hoy te hablar\\u00e9 sobre un tema muy interesante y relevante para las mam\\u00e1s: \\u00bfse puede cortar la leche materna? Si eres madre lactante o est\\u00e1s a punto de serlo, es probable que te hayas planteado esta pregunta\",\"inLanguage\":\"es-ES\",\"isPartOf\":{\"@id\":\"https:\\\/\\\/dudasytextos.com\\\/se-puede\\\/#website\"},\"breadcrumb\":{\"@id\":\"https:\\\/\\\/dudasytextos.com\\\/se-puede\\\/se-puede-cortar-la-leche-materna\\\/#breadcrumblist\"},\"author\":{\"@id\":\"https:\\\/\\\/dudasytextos.com\\\/se-puede\\\/author\\\/admin23\\\/#author\"},\"creator\":{\"@id\":\"https:\\\/\\\/dudasytextos.com\\\/se-puede\\\/author\\\/admin23\\\/#author\"},\"datePublished\":\"2025-02-19T20:08:13+00:00\",\"dateModified\":\"2025-03-13T00:50:37+00:00\"},{\"@type\":\"WebSite\",\"@id\":\"https:\\\/\\\/dudasytextos.com\\\/se-puede\\\/#website\",\"url\":\"https:\\\/\\\/dudasytextos.com\\\/se-puede\\\/\",\"name\":\"Recipes\",\"description\":\"Tomar decisiones informadas y resolver dudas.\",\"inLanguage\":\"es-ES\",\"publisher\":{\"@id\":\"https:\\\/\\\/dudasytextos.com\\\/se-puede\\\/#organization\"}}]}\n\t\t<\/script>\n\t\t<!-- All in One SEO -->\n\n","aioseo_head_json":{"title":"Se puede cortar la leche materna (2026) \u00bfSe Puede?","description":"Se puede cortar la leche materna \u00a1Descubre todo sobre cortar la leche materna! Hola, soy Ana Gonz\u00e1lez y hoy te hablar\u00e9 sobre un tema muy interesante y relevante para las mam\u00e1s: \u00bfse puede cortar la leche materna? Si eres madre lactante o est\u00e1s a punto de serlo, es probable que te hayas planteado esta pregunta","canonical_url":"https:\/\/dudasytextos.com\/se-puede\/se-puede-cortar-la-leche-materna\/","robots":"max-snippet:-1, max-image-preview:large, max-video-preview:-1","keywords":"","webmasterTools":{"miscellaneous":"&lt;script async src=\"https:\/\/pagead2.googlesyndication.com\/pagead\/js\/adsbygoogle.js?client=ca-pub-3987500858204711\"\n     crossorigin=\"anonymous\"&gt;&lt;\/script&gt;\n&lt;!-- Google tag (gtag.js) --&gt;\n&lt;script async src=\"https:\/\/www.googletagmanager.com\/gtag\/js?id=G-TYJ2FRZ8ZF\"&gt;&lt;\/script&gt;\n&lt;script&gt;\n  window.dataLayer = window.dataLayer || [];\n  function gtag(){dataLayer.push(arguments);}\n  gtag('js', new Date());\n\n  gtag('config', 'G-TYJ2FRZ8ZF');\n&lt;\/script&gt;"},"schema":{"@context":"https:\/\/schema.org","@graph":[{"@type":"BlogPosting","@id":"https:\/\/dudasytextos.com\/se-puede\/se-puede-cortar-la-leche-materna\/#blogposting","name":"Se puede cortar la leche materna (2026) \u00bfSe Puede?","headline":"Se puede cortar la leche materna","author":{"@id":"https:\/\/dudasytextos.com\/se-puede\/author\/admin23\/#author"},"publisher":{"@id":"https:\/\/dudasytextos.com\/se-puede\/#organization"},"datePublished":"2025-02-19T20:08:13+00:00","dateModified":"2025-03-13T00:50:37+00:00","inLanguage":"es-ES","mainEntityOfPage":{"@id":"https:\/\/dudasytextos.com\/se-puede\/se-puede-cortar-la-leche-materna\/#webpage"},"isPartOf":{"@id":"https:\/\/dudasytextos.com\/se-puede\/se-puede-cortar-la-leche-materna\/#webpage"},"articleSection":"\u00bfSe puede?"},{"@type":"BreadcrumbList","@id":"https:\/\/dudasytextos.com\/se-puede\/se-puede-cortar-la-leche-materna\/#breadcrumblist","itemListElement":[{"@type":"ListItem","@id":"https:\/\/dudasytextos.com\/se-puede#listItem","position":1,"name":"Home","item":"https:\/\/dudasytextos.com\/se-puede","nextItem":{"@type":"ListItem","@id":"https:\/\/dudasytextos.com\/se-puede\/category\/se-puede\/#listItem","name":"\u00bfSe puede?"}},{"@type":"ListItem","@id":"https:\/\/dudasytextos.com\/se-puede\/category\/se-puede\/#listItem","position":2,"name":"\u00bfSe puede?","item":"https:\/\/dudasytextos.com\/se-puede\/category\/se-puede\/","nextItem":{"@type":"ListItem","@id":"https:\/\/dudasytextos.com\/se-puede\/se-puede-cortar-la-leche-materna\/#listItem","name":"Se puede cortar la leche materna"},"previousItem":{"@type":"ListItem","@id":"https:\/\/dudasytextos.com\/se-puede#listItem","name":"Home"}},{"@type":"ListItem","@id":"https:\/\/dudasytextos.com\/se-puede\/se-puede-cortar-la-leche-materna\/#listItem","position":3,"name":"Se puede cortar la leche materna","previousItem":{"@type":"ListItem","@id":"https:\/\/dudasytextos.com\/se-puede\/category\/se-puede\/#listItem","name":"\u00bfSe puede?"}}]},{"@type":"Organization","@id":"https:\/\/dudasytextos.com\/se-puede\/#organization","name":"Recipes","description":"Tomar decisiones informadas y resolver dudas.","url":"https:\/\/dudasytextos.com\/se-puede\/"},{"@type":"Person","@id":"https:\/\/dudasytextos.com\/se-puede\/author\/admin23\/#author","url":"https:\/\/dudasytextos.com\/se-puede\/author\/admin23\/","name":"Ana Gonz\u00e1lez"},{"@type":"WebPage","@id":"https:\/\/dudasytextos.com\/se-puede\/se-puede-cortar-la-leche-materna\/#webpage","url":"https:\/\/dudasytextos.com\/se-puede\/se-puede-cortar-la-leche-materna\/","name":"Se puede cortar la leche materna (2026) \u00bfSe Puede?","description":"Se puede cortar la leche materna \u00a1Descubre todo sobre cortar la leche materna! Hola, soy Ana Gonz\u00e1lez y hoy te hablar\u00e9 sobre un tema muy interesante y relevante para las mam\u00e1s: \u00bfse puede cortar la leche materna? Si eres madre lactante o est\u00e1s a punto de serlo, es probable que te hayas planteado esta pregunta","inLanguage":"es-ES","isPartOf":{"@id":"https:\/\/dudasytextos.com\/se-puede\/#website"},"breadcrumb":{"@id":"https:\/\/dudasytextos.com\/se-puede\/se-puede-cortar-la-leche-materna\/#breadcrumblist"},"author":{"@id":"https:\/\/dudasytextos.com\/se-puede\/author\/admin23\/#author"},"creator":{"@id":"https:\/\/dudasytextos.com\/se-puede\/author\/admin23\/#author"},"datePublished":"2025-02-19T20:08:13+00:00","dateModified":"2025-03-13T00:50:37+00:00"},{"@type":"WebSite","@id":"https:\/\/dudasytextos.com\/se-puede\/#website","url":"https:\/\/dudasytextos.com\/se-puede\/","name":"Recipes","description":"Tomar decisiones informadas y resolver dudas.","inLanguage":"es-ES","publisher":{"@id":"https:\/\/dudasytextos.com\/se-puede\/#organization"}}]},"og:locale":"es_ES","og:site_name":"\u00bfSe Puede? - Tomar decisiones informadas y resolver dudas.","og:type":"article","og:title":"Se puede cortar la leche materna (2026) \u00bfSe Puede?","og:description":"Se puede cortar la leche materna \u00a1Descubre todo sobre cortar la leche materna! Hola, soy Ana Gonz\u00e1lez y hoy te hablar\u00e9 sobre un tema muy interesante y relevante para las mam\u00e1s: \u00bfse puede cortar la leche materna? Si eres madre lactante o est\u00e1s a punto de serlo, es probable que te hayas planteado esta pregunta","og:url":"https:\/\/dudasytextos.com\/se-puede\/se-puede-cortar-la-leche-materna\/","article:published_time":"2025-02-19T20:08:13+00:00","article:modified_time":"2025-03-13T00:50:37+00:00","twitter:card":"summary_large_image","twitter:title":"Se puede cortar la leche materna (2026) \u00bfSe Puede?","twitter:description":"Se puede cortar la leche materna \u00a1Descubre todo sobre cortar la leche materna! Hola, soy Ana Gonz\u00e1lez y hoy te hablar\u00e9 sobre un tema muy interesante y relevante para las mam\u00e1s: \u00bfse puede cortar la leche materna? Si eres madre lactante o est\u00e1s a punto de serlo, es probable que te hayas planteado esta pregunta"},"aioseo_meta_data":{"post_id":"76598","title":null,"description":null,"keywords":null,"keyphrases":null,"primary_term":null,"canonical_url":null,"og_title":null,"og_description":null,"og_object_type":"default","og_image_type":"default","og_image_url":null,"og_image_width":null,"og_image_height":null,"og_image_custom_url":null,"og_image_custom_fields":null,"og_video":null,"og_custom_url":null,"og_article_section":null,"og_article_tags":null,"twitter_use_og":false,"twitter_card":"default","twitter_image_type":"default","twitter_image_url":null,"twitter_image_custom_url":null,"twitter_image_custom_fields":null,"twitter_title":null,"twitter_description":null,"schema":{"blockGraphs":[],"customGraphs":[],"default":{"data":{"Article":[],"Course":[],"Dataset":[],"FAQPage":[],"Movie":[],"Person":[],"Product":[],"ProductReview":[],"Car":[],"Recipe":[],"Service":[],"SoftwareApplication":[],"WebPage":[]},"graphName":"","isEnabled":true},"graphs":[]},"schema_type":"default","schema_type_options":null,"pillar_content":false,"robots_default":true,"robots_noindex":false,"robots_noarchive":false,"robots_nosnippet":false,"robots_nofollow":false,"robots_noimageindex":false,"robots_noodp":false,"robots_notranslate":false,"robots_max_snippet":null,"robots_max_videopreview":null,"robots_max_imagepreview":"large","priority":null,"frequency":null,"local_seo":null,"breadcrumb_settings":null,"limit_modified_date":false,"ai":null,"created":"2023-07-13 11:21:59","updated":"2025-03-13 18:01:07","seo_analyzer_scan_date":null,"focus_keyword":null,"additional_keywords":null,"truseo_locale":null},"aioseo_breadcrumb":"<div class=\"aioseo-breadcrumbs\"><span class=\"aioseo-breadcrumb\">\n\t\t\t<a href=\"https:\/\/dudasytextos.com\/se-puede\" title=\"Home\">Home<\/a>\n\t\t<\/span><span class=\"aioseo-breadcrumb-separator\">&raquo;<\/span><span class=\"aioseo-breadcrumb\">\n\t\t\t<a href=\"https:\/\/dudasytextos.com\/se-puede\/category\/se-puede\/\" title=\"\u00bfSe puede?\">\u00bfSe puede?<\/a>\n\t\t<\/span><span class=\"aioseo-breadcrumb-separator\">&raquo;<\/span><span class=\"aioseo-breadcrumb\">\n\t\t\tSe puede cortar la leche materna\n\t\t<\/span><\/div>","aioseo_breadcrumb_json":[{"label":"Home","link":"https:\/\/dudasytextos.com\/se-puede"},{"label":"\u00bfSe puede?","link":"https:\/\/dudasytextos.com\/se-puede\/category\/se-puede\/"},{"label":"Se puede cortar la leche materna","link":"https:\/\/dudasytextos.com\/se-puede\/se-puede-cortar-la-leche-materna\/"}],"_links":{"self":[{"href":"https:\/\/dudasytextos.com\/se-puede\/wp-json\/wp\/v2\/posts\/76598","targetHints":{"allow":["GET"]}}],"collection":[{"href":"https:\/\/dudasytextos.com\/se-puede\/wp-json\/wp\/v2\/posts"}],"about":[{"href":"https:\/\/dudasytextos.com\/se-puede\/wp-json\/wp\/v2\/types\/post"}],"author":[{"embeddable":true,"href":"https:\/\/dudasytextos.com\/se-puede\/wp-json\/wp\/v2\/users\/1"}],"replies":[{"embeddable":true,"href":"https:\/\/dudasytextos.com\/se-puede\/wp-json\/wp\/v2\/comments?post=76598"}],"version-history":[{"count":0,"href":"https:\/\/dudasytextos.com\/se-puede\/wp-json\/wp\/v2\/posts\/76598\/revisions"}],"wp:attachment":[{"href":"https:\/\/dudasytextos.com\/se-puede\/wp-json\/wp\/v2\/media?parent=76598"}],"wp:term":[{"taxonomy":"category","embeddable":true,"href":"https:\/\/dudasytextos.com\/se-puede\/wp-json\/wp\/v2\/categories?post=76598"},{"taxonomy":"post_tag","embeddable":true,"href":"https:\/\/dudasytextos.com\/se-puede\/wp-json\/wp\/v2\/tags?post=76598"}],"curies":[{"name":"wp","href":"https:\/\/api.w.org\/{rel}","templated":true}]}}