{"id":76749,"date":"2025-02-18T06:12:39","date_gmt":"2025-02-18T06:12:39","guid":{"rendered":"https:\/\/soleyantonio.es\/se-puede-congelar-la-fideua\/"},"modified":"2025-03-12T14:59:56","modified_gmt":"2025-03-12T14:59:56","slug":"se-puede-congelar-la-fideua","status":"publish","type":"post","link":"https:\/\/dudasytextos.com\/se-puede\/se-puede-congelar-la-fideua\/","title":{"rendered":"Se puede congelar la fideua"},"content":{"rendered":"<div id=\"ez-toc-container\" class=\"ez-toc-v2_0_87 counter-hierarchy ez-toc-counter ez-toc-custom ez-toc-container-direction\">\n<div class=\"ez-toc-title-container\">\n<span class=\"ez-toc-title-toggle\"><\/span><\/div>\n<nav><ul class='ez-toc-list ez-toc-list-level-1 ' ><li class='ez-toc-page-1 ez-toc-heading-level-2'><a class=\"ez-toc-link ez-toc-heading-1\" href=\"https:\/\/dudasytextos.com\/se-puede\/se-puede-congelar-la-fideua\/#%C2%BFSe_puede_congelar_la_fideua\" >\u00bfSe puede congelar la fideu\u00e1?<\/a><\/li><li class='ez-toc-page-1 ez-toc-heading-level-2'><a class=\"ez-toc-link ez-toc-heading-2\" href=\"https:\/\/dudasytextos.com\/se-puede\/se-puede-congelar-la-fideua\/#Curiosidades_estadisticas_y_hechos_interesantes_sobre_la_fideua\" >Curiosidades, estad\u00edsticas y hechos interesantes sobre la fideu\u00e1<\/a><\/li><li class='ez-toc-page-1 ez-toc-heading-level-2'><a class=\"ez-toc-link ez-toc-heading-3\" href=\"https:\/\/dudasytextos.com\/se-puede\/se-puede-congelar-la-fideua\/#%C2%BFSe_puede_congelar_la_fideua-2\" >\u00bfSe puede congelar la fideu\u00e1?<\/a><\/li><li class='ez-toc-page-1 ez-toc-heading-level-2'><a class=\"ez-toc-link ez-toc-heading-4\" href=\"https:\/\/dudasytextos.com\/se-puede\/se-puede-congelar-la-fideua\/#Preguntas_frecuentes\" >Preguntas frecuentes<\/a><ul class='ez-toc-list-level-3' ><li class='ez-toc-heading-level-3'><a class=\"ez-toc-link ez-toc-heading-5\" href=\"https:\/\/dudasytextos.com\/se-puede\/se-puede-congelar-la-fideua\/#1_%C2%BFCuanto_tiempo_se_puede_mantener_la_fideua_congelada\" >1. \u00bfCu\u00e1nto tiempo se puede mantener la fideu\u00e1 congelada?<\/a><\/li><li class='ez-toc-page-1 ez-toc-heading-level-3'><a class=\"ez-toc-link ez-toc-heading-6\" href=\"https:\/\/dudasytextos.com\/se-puede\/se-puede-congelar-la-fideua\/#2_%C2%BFEs_necesario_congelar_la_fideua_por_porciones_individuales\" >2. \u00bfEs necesario congelar la fideu\u00e1 por porciones individuales?<\/a><\/li><li class='ez-toc-page-1 ez-toc-heading-level-3'><a class=\"ez-toc-link ez-toc-heading-7\" href=\"https:\/\/dudasytextos.com\/se-puede\/se-puede-congelar-la-fideua\/#3_%C2%BFPuedo_congelar_la_fideua_si_contiene_mariscos\" >3. \u00bfPuedo congelar la fideu\u00e1 si contiene mariscos?<\/a><\/li><li class='ez-toc-page-1 ez-toc-heading-level-3'><a class=\"ez-toc-link ez-toc-heading-8\" href=\"https:\/\/dudasytextos.com\/se-puede\/se-puede-congelar-la-fideua\/#4_%C2%BFPuedo_congelar_la_fideua_si_contiene_verduras\" >4. \u00bfPuedo congelar la fideu\u00e1 si contiene verduras?<\/a><\/li><li class='ez-toc-page-1 ez-toc-heading-level-3'><a class=\"ez-toc-link ez-toc-heading-9\" href=\"https:\/\/dudasytextos.com\/se-puede\/se-puede-congelar-la-fideua\/#5_%C2%BFPuedo_volver_a_congelar_la_fideua_despues_de_descongelarla\" >5. \u00bfPuedo volver a congelar la fideu\u00e1 despu\u00e9s de descongelarla?<\/a><\/li><\/ul><\/li><\/ul><\/nav><\/div>\n<h2><span class=\"ez-toc-section\" id=\"%C2%BFSe_puede_congelar_la_fideua\"><\/span>\u00bfSe puede congelar la fideu\u00e1?<span class=\"ez-toc-section-end\"><\/span><\/h2>\n<p>\u00a1Hola! Soy Ana Gonz\u00e1lez y en este art\u00edculo vamos a resolver una de las preguntas m\u00e1s frecuentes que nos hacen: \u00bfse puede <a href=\"https:\/\/dudasytextos.com\/se-puede\/se-puede-congelar-la-empanada-del-mercadona\/\">congelar<\/a> la fideu\u00e1? Si eres amante de la cocina espa\u00f1ola, seguramente te has preguntado si es posible congelar este delicioso plato. \u00a1No te preocupes, aqu\u00ed encontrar\u00e1s la respuesta!<\/p>\n<h2><span class=\"ez-toc-section\" id=\"Curiosidades_estadisticas_y_hechos_interesantes_sobre_la_fideua\"><\/span>Curiosidades, estad\u00edsticas y hechos interesantes sobre la fideu\u00e1<span class=\"ez-toc-section-end\"><\/span><\/h2>\n<ul>\n<li>La fideu\u00e1 es un plato t\u00edpico de la cocina valenciana, similar a la paella pero en lugar de arroz, se utiliza fideo fino.<\/li>\n<li>Se cree que la fideu\u00e1 fue inventada por accidente cuando un cocinero se qued\u00f3 sin arroz para hacer paella y decidi\u00f3 utilizar fideos en su lugar.<\/li>\n<li>La fideu\u00e1 es muy popular en la costa mediterr\u00e1nea de Espa\u00f1a, especialmente en la Comunidad Valenciana y Catalu\u00f1a.<\/li>\n<li>La fideu\u00e1 se suele servir con mariscos y pescados, pero tambi\u00e9n se pueden a\u00f1adir otros ingredientes como pollo o verduras.<\/li>\n<li>Es un plato vers\u00e1til y f\u00e1cil de adaptar a diferentes gustos y preferencias culinarias.<\/li>\n<\/ul>\n<p>\u00a1Ahora s\u00ed, vamos a resolver la pregunta que nos trajo aqu\u00ed!<\/p>\n<h2><span class=\"ez-toc-section\" id=\"%C2%BFSe_puede_congelar_la_fideua-2\"><\/span>\u00bfSe puede congelar la fideu\u00e1?<span class=\"ez-toc-section-end\"><\/span><\/h2>\n<p>La respuesta es s\u00ed, se puede congelar la fideu\u00e1. Sin embargo, debes tener en cuenta algunos aspectos importantes para asegurarte de que mantenga su sabor y textura al descongelarla.<\/p>\n<p>Lo primero que debes hacer es asegurarte de que la fideu\u00e1 est\u00e9 completamente fr\u00eda antes de congelarla. Esto evitar\u00e1 la formaci\u00f3n de cristales de hielo y preservar\u00e1 su calidad. Una vez fr\u00eda, puedes dividir la fideu\u00e1 en porciones individuales y colocarlas en recipientes aptos para congelador o en bolsas herm\u00e9ticas.<\/p>\n<p>Recuerda etiquetar cada porci\u00f3n con la fecha de congelaci\u00f3n para tener un mejor control sobre su caducidad. La fideu\u00e1 se puede mantener congelada durante un m\u00e1ximo de 3 meses sin perder sus propiedades organol\u00e9pticas.<\/p>\n<p>Al descongelar la fideu\u00e1, te recomiendo hacerlo lentamente en el refrigerador para evitar cambios bruscos de temperatura. Una vez descongelada, puedes calentarla en una sart\u00e9n o en el horno, a\u00f1adiendo un poco de caldo o <a href=\"https:\/\/dudasytextos.com\/se-puede\/se-puede-dejar-el-agua-de-romero-en-el-cabello-sin-enjuagar\/\">agua<\/a> si es necesario para evitar que se reseque.<\/p>\n<p>Es importante tener en cuenta que la textura de la fideu\u00e1 puede verse ligeramente afectada despu\u00e9s de congelarla, pero su sabor y calidad seguir\u00e1n siendo buenos si se sigue el proceso adecuado de congelaci\u00f3n y descongelaci\u00f3n.<\/p>\n<p>\u00a1Ahora ya sabes que puedes disfrutar de una deliciosa fideu\u00e1 aunque la hayas congelado previamente!<\/p>\n<h2><span class=\"ez-toc-section\" id=\"Preguntas_frecuentes\"><\/span>Preguntas frecuentes<span class=\"ez-toc-section-end\"><\/span><\/h2>\n<h3><span class=\"ez-toc-section\" id=\"1_%C2%BFCuanto_tiempo_se_puede_mantener_la_fideua_congelada\"><\/span>1. \u00bfCu\u00e1nto tiempo se puede mantener la fideu\u00e1 congelada?<span class=\"ez-toc-section-end\"><\/span><\/h3>\n<p>Puedes mantener la fideu\u00e1 congelada durante un m\u00e1ximo de 3 meses sin que pierda sus propiedades organol\u00e9pticas.<\/p>\n<h3><span class=\"ez-toc-section\" id=\"2_%C2%BFEs_necesario_congelar_la_fideua_por_porciones_individuales\"><\/span>2. \u00bfEs necesario congelar la fideu\u00e1 por porciones individuales?<span class=\"ez-toc-section-end\"><\/span><\/h3>\n<p>Si, es recomendable dividir la fideu\u00e1 en porciones individuales antes de congelarla para facilitar su descongelaci\u00f3n y evitar desperdicios.<\/p>\n<h3><span class=\"ez-toc-section\" id=\"3_%C2%BFPuedo_congelar_la_fideua_si_contiene_mariscos\"><\/span>3. \u00bfPuedo congelar la fideu\u00e1 si contiene mariscos?<span class=\"ez-toc-section-end\"><\/span><\/h3>\n<p>S\u00ed, puedes congelar la fideu\u00e1 con mariscos. Sin embargo, ten en cuenta que la textura de los mariscos puede cambiar ligeramente despu\u00e9s de la congelaci\u00f3n.<\/p>\n<h3><span class=\"ez-toc-section\" id=\"4_%C2%BFPuedo_congelar_la_fideua_si_contiene_verduras\"><\/span>4. \u00bfPuedo congelar la fideu\u00e1 si contiene verduras?<span class=\"ez-toc-section-end\"><\/span><\/h3>\n<p>S\u00ed, puedes congelar la fideu\u00e1 con verduras. Sin embargo, algunas verduras pueden volverse un poco m\u00e1s blandas despu\u00e9s de la congelaci\u00f3n.<\/p>\n<h3><span class=\"ez-toc-section\" id=\"5_%C2%BFPuedo_volver_a_congelar_la_fideua_despues_de_descongelarla\"><\/span>5. \u00bfPuedo volver a congelar la fideu\u00e1 despu\u00e9s de descongelarla?<span class=\"ez-toc-section-end\"><\/span><\/h3>\n<p>No se recomienda volver a congelar la fideu\u00e1 una vez que ha sido descongelada, ya que esto puede afectar su calidad y sabor.<\/p>\n<p>Espero que este art\u00edculo haya resuelto tus dudas sobre si se puede congelar la fideu\u00e1. \u00a1Ahora puedes disfrutar de este delicioso plato incluso si te sobra!<\/p>\n","protected":false},"excerpt":{"rendered":"<p>\u00bfSe puede congelar la fideu\u00e1? \u00a1Hola! Soy Ana Gonz\u00e1lez y en este art\u00edculo vamos a resolver una de las preguntas m\u00e1s frecuentes que nos hacen: \u00bfse puede congelar la fideu\u00e1? Si eres amante de la cocina espa\u00f1ola, seguramente te has preguntado si es posible congelar este delicioso plato. \u00a1No te preocupes, aqu\u00ed encontrar\u00e1s la respuesta! &#8230; <a title=\"Se puede congelar la fideua\" class=\"read-more\" href=\"https:\/\/dudasytextos.com\/se-puede\/se-puede-congelar-la-fideua\/\" aria-label=\"M\u00e1s en Se puede congelar la fideua\">Leer m\u00e1s<\/a><\/p>\n","protected":false},"author":1,"featured_media":0,"comment_status":"open","ping_status":"open","sticky":false,"template":"","format":"standard","meta":{"footnotes":""},"categories":[3],"tags":[],"class_list":["post-76749","post","type-post","status-publish","format-standard","hentry","category-se-puede"],"aioseo_notices":[],"aioseo_head":"\n\t\t<!-- All in One SEO 5.0.1.1 - aioseo.com -->\n\t<meta name=\"description\" content=\"\u00bfSe puede congelar la fideu\u00e1? \u00a1Hola! Soy Ana Gonz\u00e1lez y en este art\u00edculo vamos a resolver una de las preguntas m\u00e1s frecuentes que nos hacen: \u00bfse puede congelar la fideu\u00e1? Si eres amante de la cocina espa\u00f1ola, seguramente te has preguntado si es posible congelar este delicioso plato. \u00a1No te preocupes, aqu\u00ed encontrar\u00e1s la respuesta!\" \/>\n\t<meta name=\"robots\" content=\"max-snippet:-1, max-image-preview:large, max-video-preview:-1\" \/>\n\t<meta name=\"author\" content=\"Ana Gonz\u00e1lez\"\/>\n\t<link rel=\"canonical\" href=\"https:\/\/dudasytextos.com\/se-puede\/se-puede-congelar-la-fideua\/\" \/>\n\t<meta name=\"generator\" content=\"All in One SEO (AIOSEO) 5.0.1.1\" \/>\n\n\t\t<script async src=\"https:\/\/pagead2.googlesyndication.com\/pagead\/js\/adsbygoogle.js?client=ca-pub-3987500858204711\"\n     crossorigin=\"anonymous\"><\/script>\n<!-- Google tag (gtag.js) -->\n<script async src=\"https:\/\/www.googletagmanager.com\/gtag\/js?id=G-TYJ2FRZ8ZF\"><\/script>\n<script>\n  window.dataLayer = window.dataLayer || [];\n  function gtag(){dataLayer.push(arguments);}\n  gtag('js', new Date());\n\n  gtag('config', 'G-TYJ2FRZ8ZF');\n<\/script>\n\t\t<meta property=\"og:locale\" content=\"es_ES\" \/>\n\t\t<meta property=\"og:site_name\" content=\"\u00bfSe Puede? - Tomar decisiones informadas y resolver dudas.\" \/>\n\t\t<meta property=\"og:type\" content=\"article\" \/>\n\t\t<meta property=\"og:title\" content=\"Se puede congelar la fideua (2026) \u00bfSe Puede?\" \/>\n\t\t<meta property=\"og:description\" content=\"\u00bfSe puede congelar la fideu\u00e1? \u00a1Hola! Soy Ana Gonz\u00e1lez y en este art\u00edculo vamos a resolver una de las preguntas m\u00e1s frecuentes que nos hacen: \u00bfse puede congelar la fideu\u00e1? Si eres amante de la cocina espa\u00f1ola, seguramente te has preguntado si es posible congelar este delicioso plato. \u00a1No te preocupes, aqu\u00ed encontrar\u00e1s la respuesta!\" \/>\n\t\t<meta property=\"og:url\" content=\"https:\/\/dudasytextos.com\/se-puede\/se-puede-congelar-la-fideua\/\" \/>\n\t\t<meta property=\"article:published_time\" content=\"2025-02-18T06:12:39+00:00\" \/>\n\t\t<meta property=\"article:modified_time\" content=\"2025-03-12T14:59:56+00:00\" \/>\n\t\t<meta name=\"twitter:card\" content=\"summary_large_image\" \/>\n\t\t<meta name=\"twitter:title\" content=\"Se puede congelar la fideua (2026) \u00bfSe Puede?\" \/>\n\t\t<meta name=\"twitter:description\" content=\"\u00bfSe puede congelar la fideu\u00e1? \u00a1Hola! Soy Ana Gonz\u00e1lez y en este art\u00edculo vamos a resolver una de las preguntas m\u00e1s frecuentes que nos hacen: \u00bfse puede congelar la fideu\u00e1? Si eres amante de la cocina espa\u00f1ola, seguramente te has preguntado si es posible congelar este delicioso plato. \u00a1No te preocupes, aqu\u00ed encontrar\u00e1s la respuesta!\" \/>\n\t\t<script type=\"application\/ld+json\" class=\"aioseo-schema\">\n\t\t\t{\"@context\":\"https:\\\/\\\/schema.org\",\"@graph\":[{\"@type\":\"BlogPosting\",\"@id\":\"https:\\\/\\\/dudasytextos.com\\\/se-puede\\\/se-puede-congelar-la-fideua\\\/#blogposting\",\"name\":\"Se puede congelar la fideua (2026) \\u00bfSe Puede?\",\"headline\":\"Se puede congelar la fideua\",\"author\":{\"@id\":\"https:\\\/\\\/dudasytextos.com\\\/se-puede\\\/author\\\/admin23\\\/#author\"},\"publisher\":{\"@id\":\"https:\\\/\\\/dudasytextos.com\\\/se-puede\\\/#organization\"},\"datePublished\":\"2025-02-18T06:12:39+00:00\",\"dateModified\":\"2025-03-12T14:59:56+00:00\",\"inLanguage\":\"es-ES\",\"mainEntityOfPage\":{\"@id\":\"https:\\\/\\\/dudasytextos.com\\\/se-puede\\\/se-puede-congelar-la-fideua\\\/#webpage\"},\"isPartOf\":{\"@id\":\"https:\\\/\\\/dudasytextos.com\\\/se-puede\\\/se-puede-congelar-la-fideua\\\/#webpage\"},\"articleSection\":\"\\u00bfSe puede?\"},{\"@type\":\"BreadcrumbList\",\"@id\":\"https:\\\/\\\/dudasytextos.com\\\/se-puede\\\/se-puede-congelar-la-fideua\\\/#breadcrumblist\",\"itemListElement\":[{\"@type\":\"ListItem\",\"@id\":\"https:\\\/\\\/dudasytextos.com\\\/se-puede#listItem\",\"position\":1,\"name\":\"Home\",\"item\":\"https:\\\/\\\/dudasytextos.com\\\/se-puede\",\"nextItem\":{\"@type\":\"ListItem\",\"@id\":\"https:\\\/\\\/dudasytextos.com\\\/se-puede\\\/category\\\/se-puede\\\/#listItem\",\"name\":\"\\u00bfSe puede?\"}},{\"@type\":\"ListItem\",\"@id\":\"https:\\\/\\\/dudasytextos.com\\\/se-puede\\\/category\\\/se-puede\\\/#listItem\",\"position\":2,\"name\":\"\\u00bfSe puede?\",\"item\":\"https:\\\/\\\/dudasytextos.com\\\/se-puede\\\/category\\\/se-puede\\\/\",\"nextItem\":{\"@type\":\"ListItem\",\"@id\":\"https:\\\/\\\/dudasytextos.com\\\/se-puede\\\/se-puede-congelar-la-fideua\\\/#listItem\",\"name\":\"Se puede congelar la fideua\"},\"previousItem\":{\"@type\":\"ListItem\",\"@id\":\"https:\\\/\\\/dudasytextos.com\\\/se-puede#listItem\",\"name\":\"Home\"}},{\"@type\":\"ListItem\",\"@id\":\"https:\\\/\\\/dudasytextos.com\\\/se-puede\\\/se-puede-congelar-la-fideua\\\/#listItem\",\"position\":3,\"name\":\"Se puede congelar la fideua\",\"previousItem\":{\"@type\":\"ListItem\",\"@id\":\"https:\\\/\\\/dudasytextos.com\\\/se-puede\\\/category\\\/se-puede\\\/#listItem\",\"name\":\"\\u00bfSe puede?\"}}]},{\"@type\":\"Organization\",\"@id\":\"https:\\\/\\\/dudasytextos.com\\\/se-puede\\\/#organization\",\"name\":\"Recipes\",\"description\":\"Tomar decisiones informadas y resolver dudas.\",\"url\":\"https:\\\/\\\/dudasytextos.com\\\/se-puede\\\/\"},{\"@type\":\"Person\",\"@id\":\"https:\\\/\\\/dudasytextos.com\\\/se-puede\\\/author\\\/admin23\\\/#author\",\"url\":\"https:\\\/\\\/dudasytextos.com\\\/se-puede\\\/author\\\/admin23\\\/\",\"name\":\"Ana Gonz\\u00e1lez\"},{\"@type\":\"WebPage\",\"@id\":\"https:\\\/\\\/dudasytextos.com\\\/se-puede\\\/se-puede-congelar-la-fideua\\\/#webpage\",\"url\":\"https:\\\/\\\/dudasytextos.com\\\/se-puede\\\/se-puede-congelar-la-fideua\\\/\",\"name\":\"Se puede congelar la fideua (2026) \\u00bfSe Puede?\",\"description\":\"\\u00bfSe puede congelar la fideu\\u00e1? \\u00a1Hola! Soy Ana Gonz\\u00e1lez y en este art\\u00edculo vamos a resolver una de las preguntas m\\u00e1s frecuentes que nos hacen: \\u00bfse puede congelar la fideu\\u00e1? Si eres amante de la cocina espa\\u00f1ola, seguramente te has preguntado si es posible congelar este delicioso plato. \\u00a1No te preocupes, aqu\\u00ed encontrar\\u00e1s la respuesta!\",\"inLanguage\":\"es-ES\",\"isPartOf\":{\"@id\":\"https:\\\/\\\/dudasytextos.com\\\/se-puede\\\/#website\"},\"breadcrumb\":{\"@id\":\"https:\\\/\\\/dudasytextos.com\\\/se-puede\\\/se-puede-congelar-la-fideua\\\/#breadcrumblist\"},\"author\":{\"@id\":\"https:\\\/\\\/dudasytextos.com\\\/se-puede\\\/author\\\/admin23\\\/#author\"},\"creator\":{\"@id\":\"https:\\\/\\\/dudasytextos.com\\\/se-puede\\\/author\\\/admin23\\\/#author\"},\"datePublished\":\"2025-02-18T06:12:39+00:00\",\"dateModified\":\"2025-03-12T14:59:56+00:00\"},{\"@type\":\"WebSite\",\"@id\":\"https:\\\/\\\/dudasytextos.com\\\/se-puede\\\/#website\",\"url\":\"https:\\\/\\\/dudasytextos.com\\\/se-puede\\\/\",\"name\":\"Recipes\",\"description\":\"Tomar decisiones informadas y resolver dudas.\",\"inLanguage\":\"es-ES\",\"publisher\":{\"@id\":\"https:\\\/\\\/dudasytextos.com\\\/se-puede\\\/#organization\"}}]}\n\t\t<\/script>\n\t\t<!-- All in One SEO -->\n\n","aioseo_head_json":{"title":"Se puede congelar la fideua (2026) \u00bfSe Puede?","description":"\u00bfSe puede congelar la fideu\u00e1? \u00a1Hola! Soy Ana Gonz\u00e1lez y en este art\u00edculo vamos a resolver una de las preguntas m\u00e1s frecuentes que nos hacen: \u00bfse puede congelar la fideu\u00e1? Si eres amante de la cocina espa\u00f1ola, seguramente te has preguntado si es posible congelar este delicioso plato. \u00a1No te preocupes, aqu\u00ed encontrar\u00e1s la respuesta!","canonical_url":"https:\/\/dudasytextos.com\/se-puede\/se-puede-congelar-la-fideua\/","robots":"max-snippet:-1, max-image-preview:large, max-video-preview:-1","keywords":"","webmasterTools":{"miscellaneous":"&lt;script async src=\"https:\/\/pagead2.googlesyndication.com\/pagead\/js\/adsbygoogle.js?client=ca-pub-3987500858204711\"\n     crossorigin=\"anonymous\"&gt;&lt;\/script&gt;\n&lt;!-- Google tag (gtag.js) --&gt;\n&lt;script async src=\"https:\/\/www.googletagmanager.com\/gtag\/js?id=G-TYJ2FRZ8ZF\"&gt;&lt;\/script&gt;\n&lt;script&gt;\n  window.dataLayer = window.dataLayer || [];\n  function gtag(){dataLayer.push(arguments);}\n  gtag('js', new Date());\n\n  gtag('config', 'G-TYJ2FRZ8ZF');\n&lt;\/script&gt;"},"schema":{"@context":"https:\/\/schema.org","@graph":[{"@type":"BlogPosting","@id":"https:\/\/dudasytextos.com\/se-puede\/se-puede-congelar-la-fideua\/#blogposting","name":"Se puede congelar la fideua (2026) \u00bfSe Puede?","headline":"Se puede congelar la fideua","author":{"@id":"https:\/\/dudasytextos.com\/se-puede\/author\/admin23\/#author"},"publisher":{"@id":"https:\/\/dudasytextos.com\/se-puede\/#organization"},"datePublished":"2025-02-18T06:12:39+00:00","dateModified":"2025-03-12T14:59:56+00:00","inLanguage":"es-ES","mainEntityOfPage":{"@id":"https:\/\/dudasytextos.com\/se-puede\/se-puede-congelar-la-fideua\/#webpage"},"isPartOf":{"@id":"https:\/\/dudasytextos.com\/se-puede\/se-puede-congelar-la-fideua\/#webpage"},"articleSection":"\u00bfSe puede?"},{"@type":"BreadcrumbList","@id":"https:\/\/dudasytextos.com\/se-puede\/se-puede-congelar-la-fideua\/#breadcrumblist","itemListElement":[{"@type":"ListItem","@id":"https:\/\/dudasytextos.com\/se-puede#listItem","position":1,"name":"Home","item":"https:\/\/dudasytextos.com\/se-puede","nextItem":{"@type":"ListItem","@id":"https:\/\/dudasytextos.com\/se-puede\/category\/se-puede\/#listItem","name":"\u00bfSe puede?"}},{"@type":"ListItem","@id":"https:\/\/dudasytextos.com\/se-puede\/category\/se-puede\/#listItem","position":2,"name":"\u00bfSe puede?","item":"https:\/\/dudasytextos.com\/se-puede\/category\/se-puede\/","nextItem":{"@type":"ListItem","@id":"https:\/\/dudasytextos.com\/se-puede\/se-puede-congelar-la-fideua\/#listItem","name":"Se puede congelar la fideua"},"previousItem":{"@type":"ListItem","@id":"https:\/\/dudasytextos.com\/se-puede#listItem","name":"Home"}},{"@type":"ListItem","@id":"https:\/\/dudasytextos.com\/se-puede\/se-puede-congelar-la-fideua\/#listItem","position":3,"name":"Se puede congelar la fideua","previousItem":{"@type":"ListItem","@id":"https:\/\/dudasytextos.com\/se-puede\/category\/se-puede\/#listItem","name":"\u00bfSe puede?"}}]},{"@type":"Organization","@id":"https:\/\/dudasytextos.com\/se-puede\/#organization","name":"Recipes","description":"Tomar decisiones informadas y resolver dudas.","url":"https:\/\/dudasytextos.com\/se-puede\/"},{"@type":"Person","@id":"https:\/\/dudasytextos.com\/se-puede\/author\/admin23\/#author","url":"https:\/\/dudasytextos.com\/se-puede\/author\/admin23\/","name":"Ana Gonz\u00e1lez"},{"@type":"WebPage","@id":"https:\/\/dudasytextos.com\/se-puede\/se-puede-congelar-la-fideua\/#webpage","url":"https:\/\/dudasytextos.com\/se-puede\/se-puede-congelar-la-fideua\/","name":"Se puede congelar la fideua (2026) \u00bfSe Puede?","description":"\u00bfSe puede congelar la fideu\u00e1? \u00a1Hola! Soy Ana Gonz\u00e1lez y en este art\u00edculo vamos a resolver una de las preguntas m\u00e1s frecuentes que nos hacen: \u00bfse puede congelar la fideu\u00e1? Si eres amante de la cocina espa\u00f1ola, seguramente te has preguntado si es posible congelar este delicioso plato. \u00a1No te preocupes, aqu\u00ed encontrar\u00e1s la respuesta!","inLanguage":"es-ES","isPartOf":{"@id":"https:\/\/dudasytextos.com\/se-puede\/#website"},"breadcrumb":{"@id":"https:\/\/dudasytextos.com\/se-puede\/se-puede-congelar-la-fideua\/#breadcrumblist"},"author":{"@id":"https:\/\/dudasytextos.com\/se-puede\/author\/admin23\/#author"},"creator":{"@id":"https:\/\/dudasytextos.com\/se-puede\/author\/admin23\/#author"},"datePublished":"2025-02-18T06:12:39+00:00","dateModified":"2025-03-12T14:59:56+00:00"},{"@type":"WebSite","@id":"https:\/\/dudasytextos.com\/se-puede\/#website","url":"https:\/\/dudasytextos.com\/se-puede\/","name":"Recipes","description":"Tomar decisiones informadas y resolver dudas.","inLanguage":"es-ES","publisher":{"@id":"https:\/\/dudasytextos.com\/se-puede\/#organization"}}]},"og:locale":"es_ES","og:site_name":"\u00bfSe Puede? - Tomar decisiones informadas y resolver dudas.","og:type":"article","og:title":"Se puede congelar la fideua (2026) \u00bfSe Puede?","og:description":"\u00bfSe puede congelar la fideu\u00e1? \u00a1Hola! Soy Ana Gonz\u00e1lez y en este art\u00edculo vamos a resolver una de las preguntas m\u00e1s frecuentes que nos hacen: \u00bfse puede congelar la fideu\u00e1? Si eres amante de la cocina espa\u00f1ola, seguramente te has preguntado si es posible congelar este delicioso plato. \u00a1No te preocupes, aqu\u00ed encontrar\u00e1s la respuesta!","og:url":"https:\/\/dudasytextos.com\/se-puede\/se-puede-congelar-la-fideua\/","article:published_time":"2025-02-18T06:12:39+00:00","article:modified_time":"2025-03-12T14:59:56+00:00","twitter:card":"summary_large_image","twitter:title":"Se puede congelar la fideua (2026) \u00bfSe Puede?","twitter:description":"\u00bfSe puede congelar la fideu\u00e1? \u00a1Hola! Soy Ana Gonz\u00e1lez y en este art\u00edculo vamos a resolver una de las preguntas m\u00e1s frecuentes que nos hacen: \u00bfse puede congelar la fideu\u00e1? Si eres amante de la cocina espa\u00f1ola, seguramente te has preguntado si es posible congelar este delicioso plato. \u00a1No te preocupes, aqu\u00ed encontrar\u00e1s la respuesta!"},"aioseo_meta_data":{"post_id":"76749","title":null,"description":null,"keywords":null,"keyphrases":null,"primary_term":null,"canonical_url":null,"og_title":null,"og_description":null,"og_object_type":"default","og_image_type":"default","og_image_url":null,"og_image_width":null,"og_image_height":null,"og_image_custom_url":null,"og_image_custom_fields":null,"og_video":null,"og_custom_url":null,"og_article_section":null,"og_article_tags":null,"twitter_use_og":false,"twitter_card":"default","twitter_image_type":"default","twitter_image_url":null,"twitter_image_custom_url":null,"twitter_image_custom_fields":null,"twitter_title":null,"twitter_description":null,"schema":{"blockGraphs":[],"customGraphs":[],"default":{"data":{"Article":[],"Course":[],"Dataset":[],"FAQPage":[],"Movie":[],"Person":[],"Product":[],"ProductReview":[],"Car":[],"Recipe":[],"Service":[],"SoftwareApplication":[],"WebPage":[]},"graphName":"","isEnabled":true},"graphs":[]},"schema_type":"default","schema_type_options":null,"pillar_content":false,"robots_default":true,"robots_noindex":false,"robots_noarchive":false,"robots_nosnippet":false,"robots_nofollow":false,"robots_noimageindex":false,"robots_noodp":false,"robots_notranslate":false,"robots_max_snippet":null,"robots_max_videopreview":null,"robots_max_imagepreview":"large","priority":null,"frequency":null,"local_seo":null,"breadcrumb_settings":null,"limit_modified_date":false,"ai":null,"created":"2023-07-13 11:40:47","updated":"2025-03-13 16:32:50","seo_analyzer_scan_date":null,"focus_keyword":null,"additional_keywords":null,"truseo_locale":null},"aioseo_breadcrumb":"<div class=\"aioseo-breadcrumbs\"><span class=\"aioseo-breadcrumb\">\n\t\t\t<a href=\"https:\/\/dudasytextos.com\/se-puede\" title=\"Home\">Home<\/a>\n\t\t<\/span><span class=\"aioseo-breadcrumb-separator\">&raquo;<\/span><span class=\"aioseo-breadcrumb\">\n\t\t\t<a href=\"https:\/\/dudasytextos.com\/se-puede\/category\/se-puede\/\" title=\"\u00bfSe puede?\">\u00bfSe puede?<\/a>\n\t\t<\/span><span class=\"aioseo-breadcrumb-separator\">&raquo;<\/span><span class=\"aioseo-breadcrumb\">\n\t\t\tSe puede congelar la fideua\n\t\t<\/span><\/div>","aioseo_breadcrumb_json":[{"label":"Home","link":"https:\/\/dudasytextos.com\/se-puede"},{"label":"\u00bfSe puede?","link":"https:\/\/dudasytextos.com\/se-puede\/category\/se-puede\/"},{"label":"Se puede congelar la fideua","link":"https:\/\/dudasytextos.com\/se-puede\/se-puede-congelar-la-fideua\/"}],"_links":{"self":[{"href":"https:\/\/dudasytextos.com\/se-puede\/wp-json\/wp\/v2\/posts\/76749","targetHints":{"allow":["GET"]}}],"collection":[{"href":"https:\/\/dudasytextos.com\/se-puede\/wp-json\/wp\/v2\/posts"}],"about":[{"href":"https:\/\/dudasytextos.com\/se-puede\/wp-json\/wp\/v2\/types\/post"}],"author":[{"embeddable":true,"href":"https:\/\/dudasytextos.com\/se-puede\/wp-json\/wp\/v2\/users\/1"}],"replies":[{"embeddable":true,"href":"https:\/\/dudasytextos.com\/se-puede\/wp-json\/wp\/v2\/comments?post=76749"}],"version-history":[{"count":0,"href":"https:\/\/dudasytextos.com\/se-puede\/wp-json\/wp\/v2\/posts\/76749\/revisions"}],"wp:attachment":[{"href":"https:\/\/dudasytextos.com\/se-puede\/wp-json\/wp\/v2\/media?parent=76749"}],"wp:term":[{"taxonomy":"category","embeddable":true,"href":"https:\/\/dudasytextos.com\/se-puede\/wp-json\/wp\/v2\/categories?post=76749"},{"taxonomy":"post_tag","embeddable":true,"href":"https:\/\/dudasytextos.com\/se-puede\/wp-json\/wp\/v2\/tags?post=76749"}],"curies":[{"name":"wp","href":"https:\/\/api.w.org\/{rel}","templated":true}]}}