{"id":1496,"date":"2025-10-31T22:32:50","date_gmt":"2025-10-31T22:32:50","guid":{"rendered":"https:\/\/bravucon.com\/blog\/a-vivir-que-son-dos-dias-hoy-sabado\/"},"modified":"2025-11-06T11:21:21","modified_gmt":"2025-11-06T11:21:21","slug":"a-vivir-que-son-dos-dias-hoy-sabado","status":"publish","type":"post","link":"https:\/\/dudasytextos.com\/tecnologia\/otros\/a-vivir-que-son-dos-dias-hoy-sabado\/","title":{"rendered":"Aprovecha al m\u00e1ximo el fin de semana: \u00a1A vivir que son dos d\u00edas hoy s\u00e1bado!"},"content":{"rendered":"<p>\u00abAprovecha al m\u00e1ximo este s\u00e1bado y disfruta de la vida, ya que solo tenemos dos d\u00edas en el fin de semana. Ded\u00edcate a hacer lo que te gusta, rel\u00e1jate, sal con amigos o familiares, realiza actividades que te hagan feliz. No dejes pasar esta oportunidad de disfrutar al m\u00e1ximo este d\u00eda sabiendo que el domingo se acerca r\u00e1pidamente.\u00bb<\/p>\n<div style=\"float: none;clear: both;width: 100%;position: relative;padding-bottom: 68%;padding-top: 25px;height: 0;\"><iframe style=\"position: absolute; top: 0; left: 0; width: 100%;height: 100%;\" src=\"https:\/\/www.youtube.com\/embed\/2WwQIubAQDY\" frameborder=\"0\" allowfullscreen=\"allowfullscreen\"><\/iframe><\/div>\n<p><\/p>\n<h2>\u00bfQui\u00e9n est\u00e1 presentando el programa \u00abVivir que son dos d\u00edas\u00bb hoy?<\/h2>\n<p>Hoy, el programa \u00abVivir que son dos d\u00edas\u00bb est\u00e1 siendo presentado por la carism\u00e1tica y reconocida presentadora Mar\u00eda Fern\u00e1ndez. Con su estilo fresco y din\u00e1mico, Mar\u00eda nos gu\u00eda a trav\u00e9s de las diferentes secciones del programa, llenas de entretenimiento y diversi\u00f3n. Su amplio conocimiento en el mundo del espect\u00e1culo y su habilidad para conectar con el p\u00fablico hacen de ella la elecci\u00f3n perfecta para conducir este exitoso programa. Sintoniza y disfruta de la energ\u00eda y carisma de Mar\u00eda Fern\u00e1ndez en \u00abVivir que son dos d\u00edas\u00bb.<\/p>\n<p>Mar\u00eda Fern\u00e1ndez, reconocida presentadora de televisi\u00f3n, lidera el programa \u00abVivir que son dos d\u00edas\u00bb con su estilo fresco y din\u00e1mico. Con su amplio conocimiento en el mundo del espect\u00e1culo y su habilidad para conectar con el p\u00fablico, Mar\u00eda se convierte en la opci\u00f3n perfecta para guiar a los espectadores a trav\u00e9s de las secciones llenas de entretenimiento y diversi\u00f3n. No te pierdas la energ\u00eda y carisma que Mar\u00eda Fern\u00e1ndez aporta a este exitoso programa.<\/p>\n<h2>\u00bfQui\u00e9n es el presentador actualmente?<\/h2>\n<p>Javier Aroca es un reconocido presentador que actualmente se destaca en el programa &#8216;El Abierto&#8217;, dentro del espacio radiof\u00f3nico &#8216;Hoy por Hoy&#8217;, conducido por \u00c0ngels Barcel\u00f3. Su habilidad para expresarse de manera clara y concisa se ha convertido en uno de sus principales atributos, captando la atenci\u00f3n de los oyentes. Con su participaci\u00f3n en el programa, Aroca ha logrado consolidarse como un referente en el \u00e1mbito de la comunicaci\u00f3n y el periodismo.<\/p>\n<p>Javier Aroca se ha convertido en un destacado presentador en el programa &#8216;El Abierto&#8217;, dentro de &#8216;Hoy por Hoy&#8217;, donde su capacidad para comunicarse de manera clara y concisa lo ha posicionado como un referente en el \u00e1mbito del periodismo y la comunicaci\u00f3n.<\/p>\n<h2>\u00bfCu\u00e1l es la profesi\u00f3n de Lourdes Lancho?<\/h2>\n<p>Lourdes Lancho, nacida en Barcelona en 1968, es una periodista reconocida en Espa\u00f1a. Adem\u00e1s de su experiencia como guionista y redactora para programas de TV3 como La columna o En directo, ha sido subdirectora de Hora 25 en Cadena SER. Actualmente, ocupa el cargo de subdirectora del programa matinal de fin de semana A vivir que son dos d\u00edas en la Cadena SER y tambi\u00e9n colabora con eldiario.es. Su destacada trayectoria en el periodismo la posiciona como una experta en la materia.<\/p>\n<p>Lourdes Lancho, periodista espa\u00f1ola reconocida, ha destacado por su trabajo como guionista y redactora en programas de televisi\u00f3n como La columna y En directo. Adem\u00e1s, ha ocupado cargos importantes en Cadena SER y actualmente es subdirectora del programa A vivir que son dos d\u00edas. Su amplia experiencia y trayectoria la convierten en una experta en periodismo.<\/p>\n<h2>Vivir intensamente: aprovechando al m\u00e1ximo los dos d\u00edas del fin de semana<\/h2>\n<p>En nuestro ajetreado estilo de vida, a menudo nos vemos atrapados en la rutina diaria y dejamos de disfrutar al m\u00e1ximo de nuestros fines de semana. Sin embargo, es crucial encontrar la manera de vivir intensamente durante esos dos d\u00edas de descanso. Ya sea explorando nuevos lugares, practicando actividades al aire libre o simplemente dedicando tiempo a nuestras pasiones, aprovechar al m\u00e1ximo el fin de semana nos permite recargar energ\u00edas y encontrar un equilibrio en nuestra vida. No dejemos que los d\u00edas libres pasen desapercibidos, aprovechemos cada momento y vivamos intensamente cada fin de semana.<\/p>\n<p>En nuestros d\u00edas libres, es esencial romper con la rutina diaria y disfrutar plenamente. Explorar nuevos lugares, practicar actividades al aire libre y dedicar tiempo a nuestras pasiones nos permite recargar energ\u00edas y encontrar equilibrio en la vida. No desperdiciemos los fines de semana, vivamos intensamente cada momento.<\/p>\n<h2>Descubre c\u00f3mo exprimir al m\u00e1ximo el s\u00e1bado: vive cada momento al m\u00e1ximo<\/h2>\n<p>El s\u00e1bado es un d\u00eda perfecto para disfrutar y exprimir al m\u00e1ximo cada momento. Desde el amanecer hasta el anochecer, hay infinitas posibilidades para vivir experiencias inolvidables. Puedes dedicar la ma\u00f1ana a realizar actividades al aire libre, como senderismo o paseos en bicicleta, y aprovechar la tarde para visitar exposiciones de arte o disfrutar de un buen libro en la tranquilidad de tu hogar. Adem\u00e1s, no olvides deleitarte con una deliciosa comida y compartir momentos especiales con tus seres queridos. \u00a1Aprovecha al m\u00e1ximo tu s\u00e1bado y crea recuerdos inigualables!<\/p>\n<p>El s\u00e1bado es el d\u00eda perfecto para disfrutar de actividades al aire libre, visitar exposiciones de arte o disfrutar de un buen libro en casa. No olvides compartir momentos especiales con tus seres queridos y crear recuerdos inigualables.<\/p>\n<h2>S\u00e1bado: una oportunidad para disfrutar y aprovechar al m\u00e1ximo la vida<\/h2>\n<p>El s\u00e1bado es un d\u00eda esperado por muchos, ya que brinda la oportunidad de desconectar del trabajo y disfrutar al m\u00e1ximo de la vida. Es el momento perfecto para hacer actividades que nos apasionan, como pasar tiempo con nuestros seres queridos, practicar deporte, leer un buen libro o simplemente relajarnos. Aprovechar al m\u00e1ximo este d\u00eda nos permite recargar energ\u00edas y comenzar la semana con una actitud positiva y renovada. No desperdiciemos esta valiosa oportunidad de disfrutar y ser felices.<\/p>\n<p>El s\u00e1bado es un d\u00eda esperado por muchos, ya que nos brinda la oportunidad de desconectar del trabajo y disfrutar al m\u00e1ximo de la vida. Es el momento perfecto para realizar actividades que nos apasionan y compartir tiempo de calidad con nuestros seres queridos. Aprovechar este d\u00eda nos permite recargar energ\u00edas y comenzar la semana con una actitud renovada y positiva. Disfrutemos al m\u00e1ximo esta valiosa oportunidad de ser felices.<\/p>\n<div style=\"float: none;clear: both;width: 100%;position: relative;padding-bottom: 68%;padding-top: 25px;height: 0;\"><iframe style=\"position: absolute; top: 0; left: 0; width: 100%;height: 100%;\" src=\"https:\/\/www.youtube.com\/embed\/nYCHEEu66K8\" frameborder=\"0\" allowfullscreen=\"allowfullscreen\"><\/iframe><\/div>\n<p><\/p>\n<p>En conclusi\u00f3n, es innegable que la vida es ef\u00edmera y que cada instante cuenta. Aprovechar al m\u00e1ximo el tiempo que se nos ha dado, vivir intensamente y disfrutar de cada experiencia es esencial para encontrar la plenitud en nuestra existencia. Los s\u00e1bados, en particular, nos brindan la oportunidad perfecta para desconectar de la rutina y dedicarnos a actividades que nos llenen de alegr\u00eda y bienestar. Ya sea explorando nuevos lugares, compartiendo momentos con nuestros seres queridos o simplemente dedic\u00e1ndonos tiempo a nosotros mismos, cada s\u00e1bado es una oportunidad \u00fanica para vivir al m\u00e1ximo. No debemos olvidar que la vida est\u00e1 llena de sorpresas y que cada d\u00eda es una nueva oportunidad para crear recuerdos y experiencias que nos enriquezcan. As\u00ed que, \u00a1a vivir que son dos d\u00edas y que este s\u00e1bado sea una jornada llena de felicidad y plenitud!<\/p>\n","protected":false},"excerpt":{"rendered":"<p>\u00abAprovecha al m\u00e1ximo este s\u00e1bado y disfruta de la vida, ya que solo tenemos dos d\u00edas en el fin de semana. Ded\u00edcate a hacer lo que te gusta, rel\u00e1jate, sal con amigos o familiares, realiza actividades que te hagan feliz. No dejes pasar esta oportunidad de disfrutar al m\u00e1ximo este d\u00eda sabiendo que el domingo &#8230; <a title=\"Aprovecha al m\u00e1ximo el fin de semana: \u00a1A vivir que son dos d\u00edas hoy s\u00e1bado!\" class=\"read-more\" href=\"https:\/\/dudasytextos.com\/tecnologia\/otros\/a-vivir-que-son-dos-dias-hoy-sabado\/\" aria-label=\"M\u00e1s en Aprovecha al m\u00e1ximo el fin de semana: \u00a1A vivir que son dos d\u00edas hoy s\u00e1bado!\">Leer m\u00e1s<\/a><\/p>\n","protected":false},"author":2,"featured_media":1497,"comment_status":"closed","ping_status":"closed","sticky":false,"template":"","format":"standard","meta":{"footnotes":""},"categories":[12],"tags":[],"class_list":["post-1496","post","type-post","status-publish","format-standard","has-post-thumbnail","hentry","category-otros"],"yoast_head":"<!-- This site is optimized with the Yoast SEO plugin v28.3 - https:\/\/yoast.com\/product\/yoast-seo-wordpress\/ -->\n<title>Aprovecha al m\u00e1ximo el fin de semana: \u00a1A vivir que son dos d\u00edas hoy s\u00e1bado! [2026]<\/title>\n<meta name=\"description\" content=\"\u27a4 Aprovecha al m\u00e1ximo el fin de semana: \u00a1A vivir que son dos d\u00edas hoy s\u00e1bado! \u261d &quot;Aprovecha al m\u00e1ximo este s\u00e1bado y disfruta de la vida, ya que solo tenemos dos d\u00edas en el fin de semana. Ded\u00edcate a hacer lo que te gusta, rel\u00e1jate, sal ... \u27a4\" \/>\n<meta name=\"robots\" content=\"index, follow, max-snippet:-1, max-image-preview:large, max-video-preview:-1\" \/>\n<link rel=\"canonical\" href=\"https:\/\/dudasytextos.com\/tecnologia\/otros\/a-vivir-que-son-dos-dias-hoy-sabado\/\" \/>\n<meta property=\"og:locale\" content=\"es_ES\" \/>\n<meta property=\"og:type\" content=\"article\" \/>\n<meta property=\"og:title\" content=\"Aprovecha al m\u00e1ximo el fin de semana: \u00a1A vivir que son dos d\u00edas hoy s\u00e1bado! [2026]\" \/>\n<meta property=\"og:description\" content=\"\u27a4 Aprovecha al m\u00e1ximo el fin de semana: \u00a1A vivir que son dos d\u00edas hoy s\u00e1bado! \u261d &quot;Aprovecha al m\u00e1ximo este s\u00e1bado y disfruta de la vida, ya que solo tenemos dos d\u00edas en el fin de semana. Ded\u00edcate a hacer lo que te gusta, rel\u00e1jate, sal ... \u27a4\" \/>\n<meta property=\"og:url\" content=\"https:\/\/dudasytextos.com\/tecnologia\/otros\/a-vivir-que-son-dos-dias-hoy-sabado\/\" \/>\n<meta property=\"og:site_name\" content=\"BRAVUCON.COM\" \/>\n<meta property=\"article:published_time\" content=\"2025-10-31T22:32:50+00:00\" \/>\n<meta property=\"article:modified_time\" content=\"2025-11-06T11:21:21+00:00\" \/>\n<meta property=\"og:image\" content=\"https:\/\/dudasytextos.com\/tecnologia\/wp-content\/uploads\/2023\/10\/2WwQIubAQDY.jpg\" \/>\n\t<meta property=\"og:image:width\" content=\"768\" \/>\n\t<meta property=\"og:image:height\" content=\"432\" \/>\n\t<meta property=\"og:image:type\" content=\"image\/jpeg\" \/>\n<meta name=\"author\" content=\"Miguel L\u00f3pez Gonz\u00e1lez\" \/>\n<meta name=\"twitter:card\" content=\"summary_large_image\" \/>\n<meta name=\"twitter:label1\" content=\"Escrito por\" \/>\n\t<meta name=\"twitter:data1\" content=\"Miguel L\u00f3pez Gonz\u00e1lez\" \/>\n\t<meta name=\"twitter:label2\" content=\"Tiempo de lectura\" \/>\n\t<meta name=\"twitter:data2\" content=\"6 minutos\" \/>\n<script type=\"application\/ld+json\" class=\"yoast-schema-graph\">{\"@context\":\"https:\\\/\\\/schema.org\",\"@graph\":[{\"@type\":\"Article\",\"@id\":\"https:\\\/\\\/dudasytextos.com\\\/tecnologia\\\/otros\\\/a-vivir-que-son-dos-dias-hoy-sabado\\\/#article\",\"isPartOf\":{\"@id\":\"https:\\\/\\\/dudasytextos.com\\\/tecnologia\\\/otros\\\/a-vivir-que-son-dos-dias-hoy-sabado\\\/\"},\"author\":{\"name\":\"Miguel L\u00f3pez Gonz\u00e1lez\",\"@id\":\"https:\\\/\\\/dudasytextos.com\\\/tecnologia\\\/#\\\/schema\\\/person\\\/9a09c21958c5797b53d2c86eb2912fd0\"},\"headline\":\"Aprovecha al m\u00e1ximo el fin de semana: \u00a1A vivir que son dos d\u00edas hoy s\u00e1bado!\",\"datePublished\":\"2025-10-31T22:32:50+00:00\",\"dateModified\":\"2025-11-06T11:21:21+00:00\",\"mainEntityOfPage\":{\"@id\":\"https:\\\/\\\/dudasytextos.com\\\/tecnologia\\\/otros\\\/a-vivir-que-son-dos-dias-hoy-sabado\\\/\"},\"wordCount\":1206,\"publisher\":{\"@id\":\"https:\\\/\\\/dudasytextos.com\\\/tecnologia\\\/#organization\"},\"image\":{\"@id\":\"https:\\\/\\\/dudasytextos.com\\\/tecnologia\\\/otros\\\/a-vivir-que-son-dos-dias-hoy-sabado\\\/#primaryimage\"},\"thumbnailUrl\":\"https:\\\/\\\/dudasytextos.com\\\/tecnologia\\\/wp-content\\\/uploads\\\/2023\\\/10\\\/2WwQIubAQDY.jpg\",\"articleSection\":[\"Otros\"],\"inLanguage\":\"es\"},{\"@type\":\"WebPage\",\"@id\":\"https:\\\/\\\/dudasytextos.com\\\/tecnologia\\\/otros\\\/a-vivir-que-son-dos-dias-hoy-sabado\\\/\",\"url\":\"https:\\\/\\\/dudasytextos.com\\\/tecnologia\\\/otros\\\/a-vivir-que-son-dos-dias-hoy-sabado\\\/\",\"name\":\"Aprovecha al m\u00e1ximo el fin de semana: \u00a1A vivir que son dos d\u00edas hoy s\u00e1bado! [2026]\",\"isPartOf\":{\"@id\":\"https:\\\/\\\/dudasytextos.com\\\/tecnologia\\\/#website\"},\"primaryImageOfPage\":{\"@id\":\"https:\\\/\\\/dudasytextos.com\\\/tecnologia\\\/otros\\\/a-vivir-que-son-dos-dias-hoy-sabado\\\/#primaryimage\"},\"image\":{\"@id\":\"https:\\\/\\\/dudasytextos.com\\\/tecnologia\\\/otros\\\/a-vivir-que-son-dos-dias-hoy-sabado\\\/#primaryimage\"},\"thumbnailUrl\":\"https:\\\/\\\/dudasytextos.com\\\/tecnologia\\\/wp-content\\\/uploads\\\/2023\\\/10\\\/2WwQIubAQDY.jpg\",\"datePublished\":\"2025-10-31T22:32:50+00:00\",\"dateModified\":\"2025-11-06T11:21:21+00:00\",\"description\":\"\u27a4 Aprovecha al m\u00e1ximo el fin de semana: \u00a1A vivir que son dos d\u00edas hoy s\u00e1bado! \u261d \\\"Aprovecha al m\u00e1ximo este s\u00e1bado y disfruta de la vida, ya que solo tenemos dos d\u00edas en el fin de semana. Ded\u00edcate a hacer lo que te gusta, rel\u00e1jate, sal ... \u27a4\",\"breadcrumb\":{\"@id\":\"https:\\\/\\\/dudasytextos.com\\\/tecnologia\\\/otros\\\/a-vivir-que-son-dos-dias-hoy-sabado\\\/#breadcrumb\"},\"inLanguage\":\"es\",\"potentialAction\":[{\"@type\":\"ReadAction\",\"target\":[\"https:\\\/\\\/dudasytextos.com\\\/tecnologia\\\/otros\\\/a-vivir-que-son-dos-dias-hoy-sabado\\\/\"]}]},{\"@type\":\"ImageObject\",\"inLanguage\":\"es\",\"@id\":\"https:\\\/\\\/dudasytextos.com\\\/tecnologia\\\/otros\\\/a-vivir-que-son-dos-dias-hoy-sabado\\\/#primaryimage\",\"url\":\"https:\\\/\\\/dudasytextos.com\\\/tecnologia\\\/wp-content\\\/uploads\\\/2023\\\/10\\\/2WwQIubAQDY.jpg\",\"contentUrl\":\"https:\\\/\\\/dudasytextos.com\\\/tecnologia\\\/wp-content\\\/uploads\\\/2023\\\/10\\\/2WwQIubAQDY.jpg\",\"width\":768,\"height\":432},{\"@type\":\"BreadcrumbList\",\"@id\":\"https:\\\/\\\/dudasytextos.com\\\/tecnologia\\\/otros\\\/a-vivir-que-son-dos-dias-hoy-sabado\\\/#breadcrumb\",\"itemListElement\":[{\"@type\":\"ListItem\",\"position\":1,\"name\":\"Portada\",\"item\":\"https:\\\/\\\/dudasytextos.com\\\/tecnologia\\\/\"},{\"@type\":\"ListItem\",\"position\":2,\"name\":\"Aprovecha al m\u00e1ximo el fin de semana: \u00a1A vivir que son dos d\u00edas hoy s\u00e1bado!\"}]},{\"@type\":\"WebSite\",\"@id\":\"https:\\\/\\\/dudasytextos.com\\\/tecnologia\\\/#website\",\"url\":\"https:\\\/\\\/dudasytextos.com\\\/tecnologia\\\/\",\"name\":\"BRAVUCON.COM\",\"description\":\"\",\"publisher\":{\"@id\":\"https:\\\/\\\/dudasytextos.com\\\/tecnologia\\\/#organization\"},\"potentialAction\":[{\"@type\":\"SearchAction\",\"target\":{\"@type\":\"EntryPoint\",\"urlTemplate\":\"https:\\\/\\\/dudasytextos.com\\\/tecnologia\\\/?s={search_term_string}\"},\"query-input\":{\"@type\":\"PropertyValueSpecification\",\"valueRequired\":true,\"valueName\":\"search_term_string\"}}],\"inLanguage\":\"es\"},{\"@type\":\"Organization\",\"@id\":\"https:\\\/\\\/dudasytextos.com\\\/tecnologia\\\/#organization\",\"name\":\"BRAVUCON.COM\",\"url\":\"https:\\\/\\\/dudasytextos.com\\\/tecnologia\\\/\",\"logo\":{\"@type\":\"ImageObject\",\"inLanguage\":\"es\",\"@id\":\"https:\\\/\\\/dudasytextos.com\\\/tecnologia\\\/#\\\/schema\\\/logo\\\/image\\\/\",\"url\":\"https:\\\/\\\/dudasytextos.com\\\/tecnologia\\\/wp-content\\\/uploads\\\/2023\\\/10\\\/mediano.jpg\",\"contentUrl\":\"https:\\\/\\\/dudasytextos.com\\\/tecnologia\\\/wp-content\\\/uploads\\\/2023\\\/10\\\/mediano.jpg\",\"width\":75,\"height\":75,\"caption\":\"BRAVUCON.COM\"},\"image\":{\"@id\":\"https:\\\/\\\/dudasytextos.com\\\/tecnologia\\\/#\\\/schema\\\/logo\\\/image\\\/\"}},{\"@type\":\"Person\",\"@id\":\"https:\\\/\\\/dudasytextos.com\\\/tecnologia\\\/#\\\/schema\\\/person\\\/9a09c21958c5797b53d2c86eb2912fd0\",\"name\":\"Miguel L\u00f3pez Gonz\u00e1lez\",\"image\":{\"@type\":\"ImageObject\",\"inLanguage\":\"es\",\"@id\":\"https:\\\/\\\/secure.gravatar.com\\\/avatar\\\/48be9cde9cab21050516f4a7c202963b40abfa7f41fd9e6fd4847b0f23aaafd6?s=96&d=mm&r=g\",\"url\":\"https:\\\/\\\/secure.gravatar.com\\\/avatar\\\/48be9cde9cab21050516f4a7c202963b40abfa7f41fd9e6fd4847b0f23aaafd6?s=96&d=mm&r=g\",\"contentUrl\":\"https:\\\/\\\/secure.gravatar.com\\\/avatar\\\/48be9cde9cab21050516f4a7c202963b40abfa7f41fd9e6fd4847b0f23aaafd6?s=96&d=mm&r=g\",\"caption\":\"Miguel L\u00f3pez Gonz\u00e1lez\"},\"description\":\"Soy un apasionado de la tecnolog\u00eda y me dedico a reparar y solucionar problemas con dispositivos electr\u00f3nicos. Con m\u00e1s de 20 a\u00f1os de experiencia en el campo, he ayudado a innumerables personas a recuperar sus dispositivos y ponerlos en funcionamiento nuevamente. Mi blog est\u00e1 lleno de consejos \u00fatiles, tutoriales y soluciones para los problemas m\u00e1s comunes que enfrentamos en el mundo de la tecnolog\u00eda.\"}]}<\/script>\n<!-- \/ Yoast SEO plugin. -->","yoast_head_json":{"title":"Aprovecha al m\u00e1ximo el fin de semana: \u00a1A vivir que son dos d\u00edas hoy s\u00e1bado! [2026]","description":"\u27a4 Aprovecha al m\u00e1ximo el fin de semana: \u00a1A vivir que son dos d\u00edas hoy s\u00e1bado! \u261d \"Aprovecha al m\u00e1ximo este s\u00e1bado y disfruta de la vida, ya que solo tenemos dos d\u00edas en el fin de semana. Ded\u00edcate a hacer lo que te gusta, rel\u00e1jate, sal ... \u27a4","robots":{"index":"index","follow":"follow","max-snippet":"max-snippet:-1","max-image-preview":"max-image-preview:large","max-video-preview":"max-video-preview:-1"},"canonical":"https:\/\/dudasytextos.com\/tecnologia\/otros\/a-vivir-que-son-dos-dias-hoy-sabado\/","og_locale":"es_ES","og_type":"article","og_title":"Aprovecha al m\u00e1ximo el fin de semana: \u00a1A vivir que son dos d\u00edas hoy s\u00e1bado! [2026]","og_description":"\u27a4 Aprovecha al m\u00e1ximo el fin de semana: \u00a1A vivir que son dos d\u00edas hoy s\u00e1bado! \u261d \"Aprovecha al m\u00e1ximo este s\u00e1bado y disfruta de la vida, ya que solo tenemos dos d\u00edas en el fin de semana. Ded\u00edcate a hacer lo que te gusta, rel\u00e1jate, sal ... \u27a4","og_url":"https:\/\/dudasytextos.com\/tecnologia\/otros\/a-vivir-que-son-dos-dias-hoy-sabado\/","og_site_name":"BRAVUCON.COM","article_published_time":"2025-10-31T22:32:50+00:00","article_modified_time":"2025-11-06T11:21:21+00:00","og_image":[{"width":768,"height":432,"url":"https:\/\/dudasytextos.com\/tecnologia\/wp-content\/uploads\/2023\/10\/2WwQIubAQDY.jpg","type":"image\/jpeg"}],"author":"Miguel L\u00f3pez Gonz\u00e1lez","twitter_card":"summary_large_image","twitter_misc":{"Escrito por":"Miguel L\u00f3pez Gonz\u00e1lez","Tiempo de lectura":"6 minutos"},"schema":{"@context":"https:\/\/schema.org","@graph":[{"@type":"Article","@id":"https:\/\/dudasytextos.com\/tecnologia\/otros\/a-vivir-que-son-dos-dias-hoy-sabado\/#article","isPartOf":{"@id":"https:\/\/dudasytextos.com\/tecnologia\/otros\/a-vivir-que-son-dos-dias-hoy-sabado\/"},"author":{"name":"Miguel L\u00f3pez Gonz\u00e1lez","@id":"https:\/\/dudasytextos.com\/tecnologia\/#\/schema\/person\/9a09c21958c5797b53d2c86eb2912fd0"},"headline":"Aprovecha al m\u00e1ximo el fin de semana: \u00a1A vivir que son dos d\u00edas hoy s\u00e1bado!","datePublished":"2025-10-31T22:32:50+00:00","dateModified":"2025-11-06T11:21:21+00:00","mainEntityOfPage":{"@id":"https:\/\/dudasytextos.com\/tecnologia\/otros\/a-vivir-que-son-dos-dias-hoy-sabado\/"},"wordCount":1206,"publisher":{"@id":"https:\/\/dudasytextos.com\/tecnologia\/#organization"},"image":{"@id":"https:\/\/dudasytextos.com\/tecnologia\/otros\/a-vivir-que-son-dos-dias-hoy-sabado\/#primaryimage"},"thumbnailUrl":"https:\/\/dudasytextos.com\/tecnologia\/wp-content\/uploads\/2023\/10\/2WwQIubAQDY.jpg","articleSection":["Otros"],"inLanguage":"es"},{"@type":"WebPage","@id":"https:\/\/dudasytextos.com\/tecnologia\/otros\/a-vivir-que-son-dos-dias-hoy-sabado\/","url":"https:\/\/dudasytextos.com\/tecnologia\/otros\/a-vivir-que-son-dos-dias-hoy-sabado\/","name":"Aprovecha al m\u00e1ximo el fin de semana: \u00a1A vivir que son dos d\u00edas hoy s\u00e1bado! [2026]","isPartOf":{"@id":"https:\/\/dudasytextos.com\/tecnologia\/#website"},"primaryImageOfPage":{"@id":"https:\/\/dudasytextos.com\/tecnologia\/otros\/a-vivir-que-son-dos-dias-hoy-sabado\/#primaryimage"},"image":{"@id":"https:\/\/dudasytextos.com\/tecnologia\/otros\/a-vivir-que-son-dos-dias-hoy-sabado\/#primaryimage"},"thumbnailUrl":"https:\/\/dudasytextos.com\/tecnologia\/wp-content\/uploads\/2023\/10\/2WwQIubAQDY.jpg","datePublished":"2025-10-31T22:32:50+00:00","dateModified":"2025-11-06T11:21:21+00:00","description":"\u27a4 Aprovecha al m\u00e1ximo el fin de semana: \u00a1A vivir que son dos d\u00edas hoy s\u00e1bado! \u261d \"Aprovecha al m\u00e1ximo este s\u00e1bado y disfruta de la vida, ya que solo tenemos dos d\u00edas en el fin de semana. Ded\u00edcate a hacer lo que te gusta, rel\u00e1jate, sal ... \u27a4","breadcrumb":{"@id":"https:\/\/dudasytextos.com\/tecnologia\/otros\/a-vivir-que-son-dos-dias-hoy-sabado\/#breadcrumb"},"inLanguage":"es","potentialAction":[{"@type":"ReadAction","target":["https:\/\/dudasytextos.com\/tecnologia\/otros\/a-vivir-que-son-dos-dias-hoy-sabado\/"]}]},{"@type":"ImageObject","inLanguage":"es","@id":"https:\/\/dudasytextos.com\/tecnologia\/otros\/a-vivir-que-son-dos-dias-hoy-sabado\/#primaryimage","url":"https:\/\/dudasytextos.com\/tecnologia\/wp-content\/uploads\/2023\/10\/2WwQIubAQDY.jpg","contentUrl":"https:\/\/dudasytextos.com\/tecnologia\/wp-content\/uploads\/2023\/10\/2WwQIubAQDY.jpg","width":768,"height":432},{"@type":"BreadcrumbList","@id":"https:\/\/dudasytextos.com\/tecnologia\/otros\/a-vivir-que-son-dos-dias-hoy-sabado\/#breadcrumb","itemListElement":[{"@type":"ListItem","position":1,"name":"Portada","item":"https:\/\/dudasytextos.com\/tecnologia\/"},{"@type":"ListItem","position":2,"name":"Aprovecha al m\u00e1ximo el fin de semana: \u00a1A vivir que son dos d\u00edas hoy s\u00e1bado!"}]},{"@type":"WebSite","@id":"https:\/\/dudasytextos.com\/tecnologia\/#website","url":"https:\/\/dudasytextos.com\/tecnologia\/","name":"BRAVUCON.COM","description":"","publisher":{"@id":"https:\/\/dudasytextos.com\/tecnologia\/#organization"},"potentialAction":[{"@type":"SearchAction","target":{"@type":"EntryPoint","urlTemplate":"https:\/\/dudasytextos.com\/tecnologia\/?s={search_term_string}"},"query-input":{"@type":"PropertyValueSpecification","valueRequired":true,"valueName":"search_term_string"}}],"inLanguage":"es"},{"@type":"Organization","@id":"https:\/\/dudasytextos.com\/tecnologia\/#organization","name":"BRAVUCON.COM","url":"https:\/\/dudasytextos.com\/tecnologia\/","logo":{"@type":"ImageObject","inLanguage":"es","@id":"https:\/\/dudasytextos.com\/tecnologia\/#\/schema\/logo\/image\/","url":"https:\/\/dudasytextos.com\/tecnologia\/wp-content\/uploads\/2023\/10\/mediano.jpg","contentUrl":"https:\/\/dudasytextos.com\/tecnologia\/wp-content\/uploads\/2023\/10\/mediano.jpg","width":75,"height":75,"caption":"BRAVUCON.COM"},"image":{"@id":"https:\/\/dudasytextos.com\/tecnologia\/#\/schema\/logo\/image\/"}},{"@type":"Person","@id":"https:\/\/dudasytextos.com\/tecnologia\/#\/schema\/person\/9a09c21958c5797b53d2c86eb2912fd0","name":"Miguel L\u00f3pez Gonz\u00e1lez","image":{"@type":"ImageObject","inLanguage":"es","@id":"https:\/\/secure.gravatar.com\/avatar\/48be9cde9cab21050516f4a7c202963b40abfa7f41fd9e6fd4847b0f23aaafd6?s=96&d=mm&r=g","url":"https:\/\/secure.gravatar.com\/avatar\/48be9cde9cab21050516f4a7c202963b40abfa7f41fd9e6fd4847b0f23aaafd6?s=96&d=mm&r=g","contentUrl":"https:\/\/secure.gravatar.com\/avatar\/48be9cde9cab21050516f4a7c202963b40abfa7f41fd9e6fd4847b0f23aaafd6?s=96&d=mm&r=g","caption":"Miguel L\u00f3pez Gonz\u00e1lez"},"description":"Soy un apasionado de la tecnolog\u00eda y me dedico a reparar y solucionar problemas con dispositivos electr\u00f3nicos. Con m\u00e1s de 20 a\u00f1os de experiencia en el campo, he ayudado a innumerables personas a recuperar sus dispositivos y ponerlos en funcionamiento nuevamente. Mi blog est\u00e1 lleno de consejos \u00fatiles, tutoriales y soluciones para los problemas m\u00e1s comunes que enfrentamos en el mundo de la tecnolog\u00eda."}]}},"_links":{"self":[{"href":"https:\/\/dudasytextos.com\/tecnologia\/wp-json\/wp\/v2\/posts\/1496","targetHints":{"allow":["GET"]}}],"collection":[{"href":"https:\/\/dudasytextos.com\/tecnologia\/wp-json\/wp\/v2\/posts"}],"about":[{"href":"https:\/\/dudasytextos.com\/tecnologia\/wp-json\/wp\/v2\/types\/post"}],"author":[{"embeddable":true,"href":"https:\/\/dudasytextos.com\/tecnologia\/wp-json\/wp\/v2\/users\/2"}],"replies":[{"embeddable":true,"href":"https:\/\/dudasytextos.com\/tecnologia\/wp-json\/wp\/v2\/comments?post=1496"}],"version-history":[{"count":0,"href":"https:\/\/dudasytextos.com\/tecnologia\/wp-json\/wp\/v2\/posts\/1496\/revisions"}],"wp:featuredmedia":[{"embeddable":true,"href":"https:\/\/dudasytextos.com\/tecnologia\/wp-json\/wp\/v2\/media\/1497"}],"wp:attachment":[{"href":"https:\/\/dudasytextos.com\/tecnologia\/wp-json\/wp\/v2\/media?parent=1496"}],"wp:term":[{"taxonomy":"category","embeddable":true,"href":"https:\/\/dudasytextos.com\/tecnologia\/wp-json\/wp\/v2\/categories?post=1496"},{"taxonomy":"post_tag","embeddable":true,"href":"https:\/\/dudasytextos.com\/tecnologia\/wp-json\/wp\/v2\/tags?post=1496"}],"curies":[{"name":"wp","href":"https:\/\/api.w.org\/{rel}","templated":true}]}}