{"id":331,"date":"2025-10-07T14:52:36","date_gmt":"2025-10-07T14:52:36","guid":{"rendered":"https:\/\/bravucon.com\/blog\/porque-se-ve-mal-la-senal-de-cable\/"},"modified":"2025-11-06T10:54:39","modified_gmt":"2025-11-06T10:54:39","slug":"porque-se-ve-mal-la-senal-de-cable","status":"publish","type":"post","link":"https:\/\/dudasytextos.com\/tecnologia\/senal\/porque-se-ve-mal-la-senal-de-cable\/","title":{"rendered":"Descubre por qu\u00e9 la se\u00f1al de cable se ve borrosa: soluciones efectivas"},"content":{"rendered":"<p>En la actualidad, la televisi\u00f3n por cable se ha convertido en una parte fundamental de nuestra vida diaria. Sin embargo, en ocasiones nos encontramos con una mala calidad de se\u00f1al que afecta nuestra experiencia de visualizaci\u00f3n. Este fen\u00f3meno puede deberse a diversos factores, como la distancia entre nuestro hogar y la estaci\u00f3n de transmisi\u00f3n, interferencias electromagn\u00e9ticas o problemas t\u00e9cnicos en la red de cable. En este art\u00edculo, exploraremos las principales razones por las cuales se ve mal la se\u00f1al de cable y ofreceremos algunas soluciones pr\u00e1cticas para mejorarla. Asimismo, analizaremos c\u00f3mo afecta esta problem\u00e1tica a la calidad de imagen y sonido, as\u00ed como a la estabilidad de la conexi\u00f3n. Con un mayor entendimiento de estos aspectos, estaremos mejor equipados para disfrutar de una experiencia televisiva m\u00e1s satisfactoria y sin interrupciones.<\/p>\n<div style=\"float: none;clear: both;width: 100%;position: relative;padding-bottom: 68%;padding-top: 25px;height: 0;\"><iframe style=\"position: absolute; top: 0; left: 0; width: 100%;height: 100%;\" src=\"https:\/\/www.youtube.com\/embed\/G8zu-HhKdhk\" frameborder=\"0\" allowfullscreen=\"allowfullscreen\"><\/iframe><\/div>\n<p><\/p>\n<h2>\u00bfC\u00f3mo puedo eliminar la interferencia de se\u00f1al en mi televisor?<\/h2>\n<p>Para eliminar la interferencia de se\u00f1al en tu televisor causada por un emisor en alta frecuencia, como un radioaficionado o una banda comercial, es recomendable utilizar un filtro pasa-altos en la instalaci\u00f3n de tu TV. Este filtro debe tener una frecuencia de corte cercana al canal de televisi\u00f3n de menor frecuencia, que en este caso es el Canal 2 VHF. Al implementar este filtro, podr\u00e1s disfrutar de una calidad de imagen y sonido \u00f3ptima en tu televisor, sin interferencias molestas.<\/p>\n<p>Es necesario utilizar un filtro pasa-altos en la instalaci\u00f3n de tu televisi\u00f3n para eliminar la interferencia de se\u00f1al causada por un emisor en alta frecuencia. Este filtro debe tener una frecuencia de corte cercana al canal de televisi\u00f3n de menor frecuencia, como el Canal 2 VHF, para garantizar una calidad de imagen y sonido \u00f3ptima sin ninguna molestia.<\/p>\n<h2>\u00bfCu\u00e1l es la raz\u00f3n por la que algunos canales se ven con p\u00edxeles?<\/h2>\n<p>La aparici\u00f3n de p\u00edxeles en la imagen de algunos canales puede tener diversas razones. La falta o exceso de se\u00f1al, efectos atmosf\u00e9ricos y la calidad deficiente de los equipos receptores TDT suelen ser las principales causas. Cuando se detecta un problema de se\u00f1al, el propio equipo TDT muestra un mensaje en la pantalla indicando la escasez o exceso de se\u00f1al. Estos factores pueden afectar la calidad de la imagen y dar lugar a la aparici\u00f3n de p\u00edxeles en la pantalla.<\/p>\n<p>Los problemas de p\u00edxeles en la imagen de los canales de televisi\u00f3n pueden ser causados por la falta o exceso de se\u00f1al, efectos atmosf\u00e9ricos o la baja calidad de los equipos receptores TDT. Cuando se detecta un problema de se\u00f1al, el equipo TDT mostrar\u00e1 un mensaje en la pantalla indicando el nivel de se\u00f1al. Estos factores pueden impactar la calidad de la imagen y resultar en la aparici\u00f3n de p\u00edxeles en la pantalla.<\/p>\n<h2>\u00bfCu\u00e1l es la mejor configuraci\u00f3n de imagen?<\/h2>\n<p>A la hora de buscar la mejor configuraci\u00f3n de imagen para tus dispositivos, es importante tener en cuenta varios factores. Primero, debes considerar el tipo de pantalla que est\u00e1s utilizando, ya sea un televisor, una computadora o un smartphone. Luego, es fundamental ajustar el brillo, el contraste y la temperatura de color para lograr una imagen equilibrada y agradable a la vista. Adem\u00e1s, es recomendable calibrar el dispositivo utilizando herramientas especializadas para obtener resultados m\u00e1s precisos. Por \u00faltimo, recuerda que la configuraci\u00f3n \u00f3ptima puede variar seg\u00fan tus preferencias personales y el contenido que est\u00e9s visualizando.<\/p>\n<p>Es importante considerar varios factores al buscar la mejor configuraci\u00f3n de imagen para tus dispositivos. Esto incluye el tipo de pantalla utilizada, el ajuste del brillo, contraste y temperatura de color, la calibraci\u00f3n con herramientas especializadas, y tener en cuenta las preferencias personales y el contenido visualizado.<\/p>\n<h2>Explorando las razones detr\u00e1s de la mala calidad de la se\u00f1al de cable<\/h2>\n<p>La mala calidad de la se\u00f1al de cable puede ser atribuida a diversas razones. En primer lugar, la distancia entre el hogar del usuario y la estaci\u00f3n base puede afectar la recepci\u00f3n de la se\u00f1al. Adem\u00e1s, el envejecimiento de los cables y equipos de transmisi\u00f3n puede generar interferencias y degradar la calidad. Por otro lado, las condiciones clim\u00e1ticas adversas, como tormentas o fuertes vientos, tambi\u00e9n pueden afectar la se\u00f1al. Es importante tener en cuenta estos factores al momento de buscar soluciones para mejorar la calidad de la se\u00f1al de cable.<\/p>\n<p>La mala calidad de la se\u00f1al de cable se debe a diversos factores como la distancia a la estaci\u00f3n base, el envejecimiento de los cables y equipos, y las condiciones clim\u00e1ticas adversas. Estos aspectos deben considerarse al buscar soluciones para mejorar la recepci\u00f3n de la se\u00f1al.<\/p>\n<h2>Desvelando los factores que afectan la transmisi\u00f3n de se\u00f1al en la televisi\u00f3n por cable<\/h2>\n<p>La transmisi\u00f3n de se\u00f1al en la televisi\u00f3n por cable se ve afectada por diversos factores que pueden comprometer la calidad de la imagen y el sonido. Entre los principales factores se encuentran la distancia entre el proveedor y el usuario, as\u00ed como la calidad de los cables utilizados en la instalaci\u00f3n. Adem\u00e1s, interferencias electromagn\u00e9ticas y condiciones clim\u00e1ticas adversas pueden influir en la se\u00f1al. Es fundamental comprender estos factores para garantizar una transmisi\u00f3n \u00f3ptima y una experiencia de visualizaci\u00f3n satisfactoria para los usuarios.<\/p>\n<p>Se requiere una instalaci\u00f3n adecuada de cables de calidad y una distancia razonable entre el proveedor y el usuario para evitar problemas en la transmisi\u00f3n de se\u00f1al en la televisi\u00f3n por cable. Adem\u00e1s, es importante considerar las posibles interferencias electromagn\u00e9ticas y las condiciones clim\u00e1ticas adversas que podr\u00edan afectar la calidad de la imagen y el sonido.<\/p>\n<h2>An\u00e1lisis de los obst\u00e1culos que generan una mala recepci\u00f3n de la se\u00f1al de cable<\/h2>\n<p>Uno de los principales obst\u00e1culos que generan una mala recepci\u00f3n de la se\u00f1al de cable es la interferencia electromagn\u00e9tica. Esto puede ser causado por diversos factores, como la cercan\u00eda de dispositivos electr\u00f3nicos que emiten ondas de radio, la presencia de estructuras met\u00e1licas que bloquean la se\u00f1al o incluso condiciones clim\u00e1ticas adversas. Otro obst\u00e1culo com\u00fan es la mala instalaci\u00f3n de los cables, ya sea por conexiones sueltas o cables da\u00f1ados. Estos obst\u00e1culos pueden afectar la calidad de la se\u00f1al de cable y provocar interrupciones en la transmisi\u00f3n.<\/p>\n<p>La mala recepci\u00f3n de la se\u00f1al de cable se debe a la interferencia electromagn\u00e9tica, que puede ser causada por diversos factores como dispositivos cercanos, estructuras met\u00e1licas o condiciones clim\u00e1ticas adversas. La mala instalaci\u00f3n de los cables tambi\u00e9n puede afectar la calidad de la se\u00f1al y provocar interrupciones en la transmisi\u00f3n.<\/p>\n<h2>Descubriendo los problemas comunes que causan una se\u00f1al deficiente en la televisi\u00f3n por cable<\/h2>\n<p>Uno de los problemas m\u00e1s comunes que puede afectar la calidad de la se\u00f1al de televisi\u00f3n por cable es una mala conexi\u00f3n de los cables. Si los cables no est\u00e1n correctamente conectados o si hay alg\u00fan tipo de interferencia en la l\u00ednea, es posible que experimentemos una se\u00f1al deficiente. Otro problema com\u00fan es la mala calidad de los cables utilizados, ya que cables de baja calidad pueden afectar negativamente la transmisi\u00f3n de la se\u00f1al. Adem\u00e1s, factores externos como edificios altos, \u00e1rboles o mal tiempo tambi\u00e9n pueden interferir con la se\u00f1al y causar una recepci\u00f3n deficiente.<\/p>\n<p>Los problemas m\u00e1s comunes que afectan la calidad de la se\u00f1al de televisi\u00f3n por cable son las malas conexiones de cables y la interferencia en la l\u00ednea. Adem\u00e1s, los cables de baja calidad y factores externos como edificios altos, \u00e1rboles o mal tiempo tambi\u00e9n pueden causar una mala recepci\u00f3n de la se\u00f1al.<\/p>\n<div style=\"float: none;clear: both;width: 100%;position: relative;padding-bottom: 68%;padding-top: 25px;height: 0;\"><iframe style=\"position: absolute; top: 0; left: 0; width: 100%;height: 100%;\" src=\"https:\/\/www.youtube.com\/embed\/PX9YZo0CVvM\" frameborder=\"0\" allowfullscreen=\"allowfullscreen\"><\/iframe><\/div>\n<p><\/p>\n<p>En conclusi\u00f3n, la mala calidad de la se\u00f1al de cable puede atribuirse a diversos factores. En primer lugar, la ubicaci\u00f3n geogr\u00e1fica puede influir en la recepci\u00f3n de la se\u00f1al, ya sea por la distancia a la antena emisora o por obst\u00e1culos naturales como edificios, \u00e1rboles o monta\u00f1as. Adem\u00e1s, el deterioro de los cables y conexiones tambi\u00e9n puede afectar la calidad de la se\u00f1al, especialmente si no se realizan las debidas tareas de mantenimiento. Otro factor importante es la congesti\u00f3n de la red, especialmente en zonas urbanas densamente pobladas, donde la demanda de servicios de cable puede sobrepasar la capacidad disponible. Asimismo, la interferencia electromagn\u00e9tica proveniente de otros dispositivos electr\u00f3nicos cercanos puede afectar la se\u00f1al de cable. Por \u00faltimo, la calidad del equipo utilizado tanto por el proveedor de cable como por el usuario final puede influir en la calidad de la se\u00f1al. En resumen, para mejorar la calidad de la se\u00f1al de cable es necesario considerar todos estos factores y tomar las medidas adecuadas para minimizar su impacto y garantizar una experiencia de visualizaci\u00f3n \u00f3ptima.<\/p>\n","protected":false},"excerpt":{"rendered":"<p>En la actualidad, la televisi\u00f3n por cable se ha convertido en una parte fundamental de nuestra vida diaria. Sin embargo, en ocasiones nos encontramos con una mala calidad de se\u00f1al que afecta nuestra experiencia de visualizaci\u00f3n. Este fen\u00f3meno puede deberse a diversos factores, como la distancia entre nuestro hogar y la estaci\u00f3n de transmisi\u00f3n, interferencias &#8230; <a title=\"Descubre por qu\u00e9 la se\u00f1al de cable se ve borrosa: soluciones efectivas\" class=\"read-more\" href=\"https:\/\/dudasytextos.com\/tecnologia\/senal\/porque-se-ve-mal-la-senal-de-cable\/\" aria-label=\"M\u00e1s en Descubre por qu\u00e9 la se\u00f1al de cable se ve borrosa: soluciones efectivas\">Leer m\u00e1s<\/a><\/p>\n","protected":false},"author":2,"featured_media":332,"comment_status":"closed","ping_status":"closed","sticky":false,"template":"","format":"standard","meta":{"footnotes":""},"categories":[70],"tags":[],"class_list":["post-331","post","type-post","status-publish","format-standard","has-post-thumbnail","hentry","category-senal"],"yoast_head":"<!-- This site is optimized with the Yoast SEO plugin v28.3 - https:\/\/yoast.com\/product\/yoast-seo-wordpress\/ -->\n<title>Descubre por qu\u00e9 la se\u00f1al de cable se ve borrosa: soluciones efectivas [2026]<\/title>\n<meta name=\"description\" content=\"\u27a4 Descubre por qu\u00e9 la se\u00f1al de cable se ve borrosa: soluciones efectivas \u261d En la actualidad, la televisi\u00f3n por cable se ha convertido en una parte fundamental de nuestra vida diaria. Sin embargo, en ocasiones nos encontramos con ... \u27a4\" \/>\n<meta name=\"robots\" content=\"index, follow, max-snippet:-1, max-image-preview:large, max-video-preview:-1\" \/>\n<link rel=\"canonical\" href=\"https:\/\/dudasytextos.com\/tecnologia\/senal\/porque-se-ve-mal-la-senal-de-cable\/\" \/>\n<meta property=\"og:locale\" content=\"es_ES\" \/>\n<meta property=\"og:type\" content=\"article\" \/>\n<meta property=\"og:title\" content=\"Descubre por qu\u00e9 la se\u00f1al de cable se ve borrosa: soluciones efectivas [2026]\" \/>\n<meta property=\"og:description\" content=\"\u27a4 Descubre por qu\u00e9 la se\u00f1al de cable se ve borrosa: soluciones efectivas \u261d En la actualidad, la televisi\u00f3n por cable se ha convertido en una parte fundamental de nuestra vida diaria. Sin embargo, en ocasiones nos encontramos con ... \u27a4\" \/>\n<meta property=\"og:url\" content=\"https:\/\/dudasytextos.com\/tecnologia\/senal\/porque-se-ve-mal-la-senal-de-cable\/\" \/>\n<meta property=\"og:site_name\" content=\"BRAVUCON.COM\" \/>\n<meta property=\"article:published_time\" content=\"2025-10-07T14:52:36+00:00\" \/>\n<meta property=\"article:modified_time\" content=\"2025-11-06T10:54:39+00:00\" \/>\n<meta property=\"og:image\" content=\"https:\/\/dudasytextos.com\/tecnologia\/wp-content\/uploads\/2023\/10\/G8zu-HhKdhk.jpg\" \/>\n\t<meta property=\"og:image:width\" content=\"480\" \/>\n\t<meta property=\"og:image:height\" content=\"360\" \/>\n\t<meta property=\"og:image:type\" content=\"image\/jpeg\" \/>\n<meta name=\"author\" content=\"Miguel L\u00f3pez Gonz\u00e1lez\" \/>\n<meta name=\"twitter:card\" content=\"summary_large_image\" \/>\n<meta name=\"twitter:label1\" content=\"Escrito por\" \/>\n\t<meta name=\"twitter:data1\" content=\"Miguel L\u00f3pez Gonz\u00e1lez\" \/>\n\t<meta name=\"twitter:label2\" content=\"Tiempo de lectura\" \/>\n\t<meta name=\"twitter:data2\" content=\"8 minutos\" \/>\n<script type=\"application\/ld+json\" class=\"yoast-schema-graph\">{\"@context\":\"https:\\\/\\\/schema.org\",\"@graph\":[{\"@type\":\"Article\",\"@id\":\"https:\\\/\\\/dudasytextos.com\\\/tecnologia\\\/senal\\\/porque-se-ve-mal-la-senal-de-cable\\\/#article\",\"isPartOf\":{\"@id\":\"https:\\\/\\\/dudasytextos.com\\\/tecnologia\\\/senal\\\/porque-se-ve-mal-la-senal-de-cable\\\/\"},\"author\":{\"name\":\"Miguel L\u00f3pez Gonz\u00e1lez\",\"@id\":\"https:\\\/\\\/dudasytextos.com\\\/tecnologia\\\/#\\\/schema\\\/person\\\/9a09c21958c5797b53d2c86eb2912fd0\"},\"headline\":\"Descubre por qu\u00e9 la se\u00f1al de cable se ve borrosa: soluciones efectivas\",\"datePublished\":\"2025-10-07T14:52:36+00:00\",\"dateModified\":\"2025-11-06T10:54:39+00:00\",\"mainEntityOfPage\":{\"@id\":\"https:\\\/\\\/dudasytextos.com\\\/tecnologia\\\/senal\\\/porque-se-ve-mal-la-senal-de-cable\\\/\"},\"wordCount\":1556,\"publisher\":{\"@id\":\"https:\\\/\\\/dudasytextos.com\\\/tecnologia\\\/#organization\"},\"image\":{\"@id\":\"https:\\\/\\\/dudasytextos.com\\\/tecnologia\\\/senal\\\/porque-se-ve-mal-la-senal-de-cable\\\/#primaryimage\"},\"thumbnailUrl\":\"https:\\\/\\\/dudasytextos.com\\\/tecnologia\\\/wp-content\\\/uploads\\\/2023\\\/10\\\/G8zu-HhKdhk.jpg\",\"articleSection\":[\"Se\u00f1al\"],\"inLanguage\":\"es\"},{\"@type\":\"WebPage\",\"@id\":\"https:\\\/\\\/dudasytextos.com\\\/tecnologia\\\/senal\\\/porque-se-ve-mal-la-senal-de-cable\\\/\",\"url\":\"https:\\\/\\\/dudasytextos.com\\\/tecnologia\\\/senal\\\/porque-se-ve-mal-la-senal-de-cable\\\/\",\"name\":\"Descubre por qu\u00e9 la se\u00f1al de cable se ve borrosa: soluciones efectivas [2026]\",\"isPartOf\":{\"@id\":\"https:\\\/\\\/dudasytextos.com\\\/tecnologia\\\/#website\"},\"primaryImageOfPage\":{\"@id\":\"https:\\\/\\\/dudasytextos.com\\\/tecnologia\\\/senal\\\/porque-se-ve-mal-la-senal-de-cable\\\/#primaryimage\"},\"image\":{\"@id\":\"https:\\\/\\\/dudasytextos.com\\\/tecnologia\\\/senal\\\/porque-se-ve-mal-la-senal-de-cable\\\/#primaryimage\"},\"thumbnailUrl\":\"https:\\\/\\\/dudasytextos.com\\\/tecnologia\\\/wp-content\\\/uploads\\\/2023\\\/10\\\/G8zu-HhKdhk.jpg\",\"datePublished\":\"2025-10-07T14:52:36+00:00\",\"dateModified\":\"2025-11-06T10:54:39+00:00\",\"description\":\"\u27a4 Descubre por qu\u00e9 la se\u00f1al de cable se ve borrosa: soluciones efectivas \u261d En la actualidad, la televisi\u00f3n por cable se ha convertido en una parte fundamental de nuestra vida diaria. Sin embargo, en ocasiones nos encontramos con ... \u27a4\",\"breadcrumb\":{\"@id\":\"https:\\\/\\\/dudasytextos.com\\\/tecnologia\\\/senal\\\/porque-se-ve-mal-la-senal-de-cable\\\/#breadcrumb\"},\"inLanguage\":\"es\",\"potentialAction\":[{\"@type\":\"ReadAction\",\"target\":[\"https:\\\/\\\/dudasytextos.com\\\/tecnologia\\\/senal\\\/porque-se-ve-mal-la-senal-de-cable\\\/\"]}]},{\"@type\":\"ImageObject\",\"inLanguage\":\"es\",\"@id\":\"https:\\\/\\\/dudasytextos.com\\\/tecnologia\\\/senal\\\/porque-se-ve-mal-la-senal-de-cable\\\/#primaryimage\",\"url\":\"https:\\\/\\\/dudasytextos.com\\\/tecnologia\\\/wp-content\\\/uploads\\\/2023\\\/10\\\/G8zu-HhKdhk.jpg\",\"contentUrl\":\"https:\\\/\\\/dudasytextos.com\\\/tecnologia\\\/wp-content\\\/uploads\\\/2023\\\/10\\\/G8zu-HhKdhk.jpg\",\"width\":480,\"height\":360},{\"@type\":\"BreadcrumbList\",\"@id\":\"https:\\\/\\\/dudasytextos.com\\\/tecnologia\\\/senal\\\/porque-se-ve-mal-la-senal-de-cable\\\/#breadcrumb\",\"itemListElement\":[{\"@type\":\"ListItem\",\"position\":1,\"name\":\"Portada\",\"item\":\"https:\\\/\\\/dudasytextos.com\\\/tecnologia\\\/\"},{\"@type\":\"ListItem\",\"position\":2,\"name\":\"Descubre por qu\u00e9 la se\u00f1al de cable se ve borrosa: soluciones efectivas\"}]},{\"@type\":\"WebSite\",\"@id\":\"https:\\\/\\\/dudasytextos.com\\\/tecnologia\\\/#website\",\"url\":\"https:\\\/\\\/dudasytextos.com\\\/tecnologia\\\/\",\"name\":\"BRAVUCON.COM\",\"description\":\"\",\"publisher\":{\"@id\":\"https:\\\/\\\/dudasytextos.com\\\/tecnologia\\\/#organization\"},\"potentialAction\":[{\"@type\":\"SearchAction\",\"target\":{\"@type\":\"EntryPoint\",\"urlTemplate\":\"https:\\\/\\\/dudasytextos.com\\\/tecnologia\\\/?s={search_term_string}\"},\"query-input\":{\"@type\":\"PropertyValueSpecification\",\"valueRequired\":true,\"valueName\":\"search_term_string\"}}],\"inLanguage\":\"es\"},{\"@type\":\"Organization\",\"@id\":\"https:\\\/\\\/dudasytextos.com\\\/tecnologia\\\/#organization\",\"name\":\"BRAVUCON.COM\",\"url\":\"https:\\\/\\\/dudasytextos.com\\\/tecnologia\\\/\",\"logo\":{\"@type\":\"ImageObject\",\"inLanguage\":\"es\",\"@id\":\"https:\\\/\\\/dudasytextos.com\\\/tecnologia\\\/#\\\/schema\\\/logo\\\/image\\\/\",\"url\":\"https:\\\/\\\/dudasytextos.com\\\/tecnologia\\\/wp-content\\\/uploads\\\/2023\\\/10\\\/mediano.jpg\",\"contentUrl\":\"https:\\\/\\\/dudasytextos.com\\\/tecnologia\\\/wp-content\\\/uploads\\\/2023\\\/10\\\/mediano.jpg\",\"width\":75,\"height\":75,\"caption\":\"BRAVUCON.COM\"},\"image\":{\"@id\":\"https:\\\/\\\/dudasytextos.com\\\/tecnologia\\\/#\\\/schema\\\/logo\\\/image\\\/\"}},{\"@type\":\"Person\",\"@id\":\"https:\\\/\\\/dudasytextos.com\\\/tecnologia\\\/#\\\/schema\\\/person\\\/9a09c21958c5797b53d2c86eb2912fd0\",\"name\":\"Miguel L\u00f3pez Gonz\u00e1lez\",\"image\":{\"@type\":\"ImageObject\",\"inLanguage\":\"es\",\"@id\":\"https:\\\/\\\/secure.gravatar.com\\\/avatar\\\/48be9cde9cab21050516f4a7c202963b40abfa7f41fd9e6fd4847b0f23aaafd6?s=96&d=mm&r=g\",\"url\":\"https:\\\/\\\/secure.gravatar.com\\\/avatar\\\/48be9cde9cab21050516f4a7c202963b40abfa7f41fd9e6fd4847b0f23aaafd6?s=96&d=mm&r=g\",\"contentUrl\":\"https:\\\/\\\/secure.gravatar.com\\\/avatar\\\/48be9cde9cab21050516f4a7c202963b40abfa7f41fd9e6fd4847b0f23aaafd6?s=96&d=mm&r=g\",\"caption\":\"Miguel L\u00f3pez Gonz\u00e1lez\"},\"description\":\"Soy un apasionado de la tecnolog\u00eda y me dedico a reparar y solucionar problemas con dispositivos electr\u00f3nicos. Con m\u00e1s de 20 a\u00f1os de experiencia en el campo, he ayudado a innumerables personas a recuperar sus dispositivos y ponerlos en funcionamiento nuevamente. Mi blog est\u00e1 lleno de consejos \u00fatiles, tutoriales y soluciones para los problemas m\u00e1s comunes que enfrentamos en el mundo de la tecnolog\u00eda.\"}]}<\/script>\n<!-- \/ Yoast SEO plugin. -->","yoast_head_json":{"title":"Descubre por qu\u00e9 la se\u00f1al de cable se ve borrosa: soluciones efectivas [2026]","description":"\u27a4 Descubre por qu\u00e9 la se\u00f1al de cable se ve borrosa: soluciones efectivas \u261d En la actualidad, la televisi\u00f3n por cable se ha convertido en una parte fundamental de nuestra vida diaria. Sin embargo, en ocasiones nos encontramos con ... \u27a4","robots":{"index":"index","follow":"follow","max-snippet":"max-snippet:-1","max-image-preview":"max-image-preview:large","max-video-preview":"max-video-preview:-1"},"canonical":"https:\/\/dudasytextos.com\/tecnologia\/senal\/porque-se-ve-mal-la-senal-de-cable\/","og_locale":"es_ES","og_type":"article","og_title":"Descubre por qu\u00e9 la se\u00f1al de cable se ve borrosa: soluciones efectivas [2026]","og_description":"\u27a4 Descubre por qu\u00e9 la se\u00f1al de cable se ve borrosa: soluciones efectivas \u261d En la actualidad, la televisi\u00f3n por cable se ha convertido en una parte fundamental de nuestra vida diaria. Sin embargo, en ocasiones nos encontramos con ... \u27a4","og_url":"https:\/\/dudasytextos.com\/tecnologia\/senal\/porque-se-ve-mal-la-senal-de-cable\/","og_site_name":"BRAVUCON.COM","article_published_time":"2025-10-07T14:52:36+00:00","article_modified_time":"2025-11-06T10:54:39+00:00","og_image":[{"width":480,"height":360,"url":"https:\/\/dudasytextos.com\/tecnologia\/wp-content\/uploads\/2023\/10\/G8zu-HhKdhk.jpg","type":"image\/jpeg"}],"author":"Miguel L\u00f3pez Gonz\u00e1lez","twitter_card":"summary_large_image","twitter_misc":{"Escrito por":"Miguel L\u00f3pez Gonz\u00e1lez","Tiempo de lectura":"8 minutos"},"schema":{"@context":"https:\/\/schema.org","@graph":[{"@type":"Article","@id":"https:\/\/dudasytextos.com\/tecnologia\/senal\/porque-se-ve-mal-la-senal-de-cable\/#article","isPartOf":{"@id":"https:\/\/dudasytextos.com\/tecnologia\/senal\/porque-se-ve-mal-la-senal-de-cable\/"},"author":{"name":"Miguel L\u00f3pez Gonz\u00e1lez","@id":"https:\/\/dudasytextos.com\/tecnologia\/#\/schema\/person\/9a09c21958c5797b53d2c86eb2912fd0"},"headline":"Descubre por qu\u00e9 la se\u00f1al de cable se ve borrosa: soluciones efectivas","datePublished":"2025-10-07T14:52:36+00:00","dateModified":"2025-11-06T10:54:39+00:00","mainEntityOfPage":{"@id":"https:\/\/dudasytextos.com\/tecnologia\/senal\/porque-se-ve-mal-la-senal-de-cable\/"},"wordCount":1556,"publisher":{"@id":"https:\/\/dudasytextos.com\/tecnologia\/#organization"},"image":{"@id":"https:\/\/dudasytextos.com\/tecnologia\/senal\/porque-se-ve-mal-la-senal-de-cable\/#primaryimage"},"thumbnailUrl":"https:\/\/dudasytextos.com\/tecnologia\/wp-content\/uploads\/2023\/10\/G8zu-HhKdhk.jpg","articleSection":["Se\u00f1al"],"inLanguage":"es"},{"@type":"WebPage","@id":"https:\/\/dudasytextos.com\/tecnologia\/senal\/porque-se-ve-mal-la-senal-de-cable\/","url":"https:\/\/dudasytextos.com\/tecnologia\/senal\/porque-se-ve-mal-la-senal-de-cable\/","name":"Descubre por qu\u00e9 la se\u00f1al de cable se ve borrosa: soluciones efectivas [2026]","isPartOf":{"@id":"https:\/\/dudasytextos.com\/tecnologia\/#website"},"primaryImageOfPage":{"@id":"https:\/\/dudasytextos.com\/tecnologia\/senal\/porque-se-ve-mal-la-senal-de-cable\/#primaryimage"},"image":{"@id":"https:\/\/dudasytextos.com\/tecnologia\/senal\/porque-se-ve-mal-la-senal-de-cable\/#primaryimage"},"thumbnailUrl":"https:\/\/dudasytextos.com\/tecnologia\/wp-content\/uploads\/2023\/10\/G8zu-HhKdhk.jpg","datePublished":"2025-10-07T14:52:36+00:00","dateModified":"2025-11-06T10:54:39+00:00","description":"\u27a4 Descubre por qu\u00e9 la se\u00f1al de cable se ve borrosa: soluciones efectivas \u261d En la actualidad, la televisi\u00f3n por cable se ha convertido en una parte fundamental de nuestra vida diaria. Sin embargo, en ocasiones nos encontramos con ... \u27a4","breadcrumb":{"@id":"https:\/\/dudasytextos.com\/tecnologia\/senal\/porque-se-ve-mal-la-senal-de-cable\/#breadcrumb"},"inLanguage":"es","potentialAction":[{"@type":"ReadAction","target":["https:\/\/dudasytextos.com\/tecnologia\/senal\/porque-se-ve-mal-la-senal-de-cable\/"]}]},{"@type":"ImageObject","inLanguage":"es","@id":"https:\/\/dudasytextos.com\/tecnologia\/senal\/porque-se-ve-mal-la-senal-de-cable\/#primaryimage","url":"https:\/\/dudasytextos.com\/tecnologia\/wp-content\/uploads\/2023\/10\/G8zu-HhKdhk.jpg","contentUrl":"https:\/\/dudasytextos.com\/tecnologia\/wp-content\/uploads\/2023\/10\/G8zu-HhKdhk.jpg","width":480,"height":360},{"@type":"BreadcrumbList","@id":"https:\/\/dudasytextos.com\/tecnologia\/senal\/porque-se-ve-mal-la-senal-de-cable\/#breadcrumb","itemListElement":[{"@type":"ListItem","position":1,"name":"Portada","item":"https:\/\/dudasytextos.com\/tecnologia\/"},{"@type":"ListItem","position":2,"name":"Descubre por qu\u00e9 la se\u00f1al de cable se ve borrosa: soluciones efectivas"}]},{"@type":"WebSite","@id":"https:\/\/dudasytextos.com\/tecnologia\/#website","url":"https:\/\/dudasytextos.com\/tecnologia\/","name":"BRAVUCON.COM","description":"","publisher":{"@id":"https:\/\/dudasytextos.com\/tecnologia\/#organization"},"potentialAction":[{"@type":"SearchAction","target":{"@type":"EntryPoint","urlTemplate":"https:\/\/dudasytextos.com\/tecnologia\/?s={search_term_string}"},"query-input":{"@type":"PropertyValueSpecification","valueRequired":true,"valueName":"search_term_string"}}],"inLanguage":"es"},{"@type":"Organization","@id":"https:\/\/dudasytextos.com\/tecnologia\/#organization","name":"BRAVUCON.COM","url":"https:\/\/dudasytextos.com\/tecnologia\/","logo":{"@type":"ImageObject","inLanguage":"es","@id":"https:\/\/dudasytextos.com\/tecnologia\/#\/schema\/logo\/image\/","url":"https:\/\/dudasytextos.com\/tecnologia\/wp-content\/uploads\/2023\/10\/mediano.jpg","contentUrl":"https:\/\/dudasytextos.com\/tecnologia\/wp-content\/uploads\/2023\/10\/mediano.jpg","width":75,"height":75,"caption":"BRAVUCON.COM"},"image":{"@id":"https:\/\/dudasytextos.com\/tecnologia\/#\/schema\/logo\/image\/"}},{"@type":"Person","@id":"https:\/\/dudasytextos.com\/tecnologia\/#\/schema\/person\/9a09c21958c5797b53d2c86eb2912fd0","name":"Miguel L\u00f3pez Gonz\u00e1lez","image":{"@type":"ImageObject","inLanguage":"es","@id":"https:\/\/secure.gravatar.com\/avatar\/48be9cde9cab21050516f4a7c202963b40abfa7f41fd9e6fd4847b0f23aaafd6?s=96&d=mm&r=g","url":"https:\/\/secure.gravatar.com\/avatar\/48be9cde9cab21050516f4a7c202963b40abfa7f41fd9e6fd4847b0f23aaafd6?s=96&d=mm&r=g","contentUrl":"https:\/\/secure.gravatar.com\/avatar\/48be9cde9cab21050516f4a7c202963b40abfa7f41fd9e6fd4847b0f23aaafd6?s=96&d=mm&r=g","caption":"Miguel L\u00f3pez Gonz\u00e1lez"},"description":"Soy un apasionado de la tecnolog\u00eda y me dedico a reparar y solucionar problemas con dispositivos electr\u00f3nicos. Con m\u00e1s de 20 a\u00f1os de experiencia en el campo, he ayudado a innumerables personas a recuperar sus dispositivos y ponerlos en funcionamiento nuevamente. Mi blog est\u00e1 lleno de consejos \u00fatiles, tutoriales y soluciones para los problemas m\u00e1s comunes que enfrentamos en el mundo de la tecnolog\u00eda."}]}},"_links":{"self":[{"href":"https:\/\/dudasytextos.com\/tecnologia\/wp-json\/wp\/v2\/posts\/331","targetHints":{"allow":["GET"]}}],"collection":[{"href":"https:\/\/dudasytextos.com\/tecnologia\/wp-json\/wp\/v2\/posts"}],"about":[{"href":"https:\/\/dudasytextos.com\/tecnologia\/wp-json\/wp\/v2\/types\/post"}],"author":[{"embeddable":true,"href":"https:\/\/dudasytextos.com\/tecnologia\/wp-json\/wp\/v2\/users\/2"}],"replies":[{"embeddable":true,"href":"https:\/\/dudasytextos.com\/tecnologia\/wp-json\/wp\/v2\/comments?post=331"}],"version-history":[{"count":0,"href":"https:\/\/dudasytextos.com\/tecnologia\/wp-json\/wp\/v2\/posts\/331\/revisions"}],"wp:featuredmedia":[{"embeddable":true,"href":"https:\/\/dudasytextos.com\/tecnologia\/wp-json\/wp\/v2\/media\/332"}],"wp:attachment":[{"href":"https:\/\/dudasytextos.com\/tecnologia\/wp-json\/wp\/v2\/media?parent=331"}],"wp:term":[{"taxonomy":"category","embeddable":true,"href":"https:\/\/dudasytextos.com\/tecnologia\/wp-json\/wp\/v2\/categories?post=331"},{"taxonomy":"post_tag","embeddable":true,"href":"https:\/\/dudasytextos.com\/tecnologia\/wp-json\/wp\/v2\/tags?post=331"}],"curies":[{"name":"wp","href":"https:\/\/api.w.org\/{rel}","templated":true}]}}