{"id":5302,"date":"2025-10-14T04:30:20","date_gmt":"2025-10-14T04:30:20","guid":{"rendered":"https:\/\/bravucon.com\/blog\/cuando-se-estrena-vacaciones-de-verano\/"},"modified":"2025-11-06T11:08:29","modified_gmt":"2025-11-06T11:08:29","slug":"cuando-se-estrena-vacaciones-de-verano","status":"publish","type":"post","link":"https:\/\/dudasytextos.com\/tecnologia\/estrena\/cuando-se-estrena-vacaciones-de-verano\/","title":{"rendered":"\u00a1Prep\u00e1rate para el gran estreno de las ansiadas vacaciones de verano!"},"content":{"rendered":"<p>Vacaciones de verano se estrena en diferentes fechas, dependiendo del pa\u00eds y del sistema escolar. En general, las vacaciones de verano suelen comenzar entre finales de junio y principios de julio, y duran aproximadamente dos o tres meses. Sin embargo, es importante tener en cuenta que estas fechas pueden variar seg\u00fan la regi\u00f3n y las pol\u00edticas escolares. Por lo tanto, es recomendable consultar el calendario escolar local para conocer la fecha exacta de inicio de las vacaciones de verano en cada lugar.<\/p>\n<div style=\"float: none;clear: both;width: 100%;position: relative;padding-bottom: 68%;padding-top: 25px;height: 0;\"><iframe style=\"position: absolute; top: 0; left: 0; width: 100%;height: 100%;\" src=\"https:\/\/www.youtube.com\/embed\/BazwUxmme04\" frameborder=\"0\" allowfullscreen=\"allowfullscreen\"><\/iframe><\/div>\n<p><\/p>\n<h2>\u00bfEn qu\u00e9 lugar se film\u00f3 la pel\u00edcula \u00abVacaciones de verano 2023\u00bb?<\/h2>\n<p>La pel\u00edcula \u00abVacaciones de verano 2023\u00bb fue filmada en el Arona Gran Hotel de Spring Hoteles, ubicado en el sur de Tenerife. Este lugar paradis\u00edaco es el escenario perfecto para una comedia familiar, ofreciendo a los espectadores la oportunidad de disfrutar de unas vacaciones inolvidables con sus hijos. El d\u00fao protagonista, \u00d3scar y F\u00e9lix, ya ha demostrado su qu\u00edmica en la pantalla, convirti\u00e9ndose en una verdadera bomba de diversi\u00f3n.<\/p>\n<p>El Arona Gran Hotel de Spring Hoteles en el sur de Tenerife, se convierte en el escenario ideal para la pel\u00edcula \u00abVacaciones de verano 2023\u00bb, una comedia familiar que promete brindar momentos inolvidables. \u00d3scar y F\u00e9lix, el d\u00fao protagonista, han demostrado una qu\u00edmica explosiva en pantalla, garantizando diversi\u00f3n asegurada.<\/p>\n<h2>\u00bfEn qu\u00e9 lugar proyectan la pel\u00edcula Vacaciones de verano?<\/h2>\n<p>En la lista de estrenos destacados de Netflix para el 3 de noviembre, se encuentra la pel\u00edcula \u00abVacaciones de verano\u00bb. Este divertido film nos transporta a un lugar paradis\u00edaco donde un grupo de amigos decide pasar sus vacaciones. A medida que la trama avanza, nos sumergimos en las situaciones c\u00f3micas y emocionantes que viven los protagonistas en este pintoresco destino. Si buscas una pel\u00edcula ligera y entretenida para disfrutar, no te puedes perder \u00abVacaciones de verano\u00bb en Netflix.<\/p>\n<p>Esta pel\u00edcula de Netflix, \u00abVacaciones de verano\u00bb, nos lleva a un lugar paradis\u00edaco donde un grupo de amigos decide pasar sus vacaciones. A medida que avanza la trama, nos sumergimos en situaciones c\u00f3micas y emocionantes que viven los protagonistas en este pintoresco destino. Si buscas una pel\u00edcula ligera y entretenida, no te pierdas \u00abVacaciones de verano\u00bb en Netflix.<\/p>\n<h2>\u00bfEn qu\u00e9 a\u00f1o se film\u00f3 la pel\u00edcula \u00abVacaciones de verano\u00bb?<\/h2>\n<p>La pel\u00edcula \u00abVacaciones de verano\u00bb fue filmada en Tenerife durante los \u00faltimos meses del a\u00f1o pasado. Adem\u00e1s de contar con reconocidos actores, tambi\u00e9n cont\u00f3 con la participaci\u00f3n de los ni\u00f1os Sirena Segura, Javier Garc\u00eda, Hugo Sim\u00f3n Blasco y Daniela Pintado. En cuanto a la fecha exacta de rodaje, no se menciona en el texto.<\/p>\n<p>La pel\u00edcula \u00abVacaciones de verano\u00bb se grab\u00f3 en Tenerife durante los \u00faltimos meses del a\u00f1o pasado, contando con la colaboraci\u00f3n de reconocidos actores y la participaci\u00f3n de los j\u00f3venes talentos Sirena Segura, Javier Garc\u00eda, Hugo Sim\u00f3n Blasco y Daniela Pintado. Aunque no se especifica la fecha exacta de rodaje, esta producci\u00f3n promete ser un \u00e9xito en la gran pantalla.<\/p>\n<h2>Descubre las fechas de estreno de las esperadas vacaciones de verano<\/h2>\n<p>\u00a1Prep\u00e1rate para disfrutar de las ansiadas vacaciones de verano! Aqu\u00ed te traemos las fechas de estreno de los destinos m\u00e1s populares. Desde las paradis\u00edacas playas del Caribe hasta las incre\u00edbles ciudades europeas, tendr\u00e1s la oportunidad de desconectar y relajarte. No pierdas la oportunidad de planificar tus vacaciones con antelaci\u00f3n y asegurarte un merecido descanso bajo el sol. \u00a1Descubre las fechas y reserva tu lugar en el para\u00edso estival!<\/p>\n<p>Se recomienda planificar las vacaciones de verano con antelaci\u00f3n para asegurarse un merecido descanso. Descubre las fechas de estreno de los destinos m\u00e1s populares, desde las playas del Caribe hasta las ciudades europeas, y reserva tu lugar en el para\u00edso estival.<\/p>\n<h2>Planifica tus vacaciones de verano: fechas de estreno y destinos imperdibles<\/h2>\n<p>El verano est\u00e1 a la vuelta de la esquina y es el momento perfecto para planificar nuestras vacaciones. Para los amantes del cine, es importante tener en cuenta las fechas de estreno de las pel\u00edculas m\u00e1s esperadas del verano. Adem\u00e1s, es imprescindible elegir destinos tur\u00edsticos imperdibles para disfrutar al m\u00e1ximo de nuestras vacaciones. Desde playas paradis\u00edacas hasta ciudades llenas de historia y cultura, hay opciones para todos los gustos. \u00a1No pierdas tiempo y comienza a planificar tus vacaciones de verano ahora mismo!<\/p>\n<p>Durante el verano, los amantes del cine esperan con ansias los estrenos m\u00e1s esperados. Adem\u00e1s, es fundamental elegir destinos tur\u00edsticos imperdibles para disfrutar al m\u00e1ximo de las vacaciones. Desde playas paradis\u00edacas hasta ciudades llenas de historia y cultura, hay opciones para todos los gustos. \u00a1No pierdas tiempo y comienza a planificar tus vacaciones de verano ahora mismo!<\/p>\n<div style=\"float: none;clear: both;width: 100%;position: relative;padding-bottom: 68%;padding-top: 25px;height: 0;\"><iframe style=\"position: absolute; top: 0; left: 0; width: 100%;height: 100%;\" src=\"https:\/\/www.youtube.com\/embed\/_tmyFr0soQA\" frameborder=\"0\" allowfullscreen=\"allowfullscreen\"><\/iframe><\/div>\n<p><\/p>\n<p>En conclusi\u00f3n, el estreno de las vacaciones de verano es un momento esperado por todos, tanto j\u00f3venes como adultos, ya que representa la oportunidad de descansar, relajarse y disfrutar de momentos de ocio y diversi\u00f3n. Durante este per\u00edodo, las personas aprovechan para viajar, conocer nuevos lugares, reencontrarse con familiares y amigos, y participar en actividades al aire libre. Adem\u00e1s, las vacaciones de verano permiten desconectar de la rutina diaria, renovar energ\u00edas y dedicar tiempo a actividades que suelen quedar postergadas durante el resto del a\u00f1o. Es importante planificar con anticipaci\u00f3n estas vacaciones, teniendo en cuenta destinos, presupuestos y actividades a realizar, para poder aprovechar al m\u00e1ximo este per\u00edodo de descanso y disfrute. En resumen, el estreno de las vacaciones de verano es un momento esperado y anhelado por todos, y representa la oportunidad ideal para recargar energ\u00edas y disfrutar de momentos inolvidables.<\/p>\n","protected":false},"excerpt":{"rendered":"<p>Vacaciones de verano se estrena en diferentes fechas, dependiendo del pa\u00eds y del sistema escolar. En general, las vacaciones de verano suelen comenzar entre finales de junio y principios de julio, y duran aproximadamente dos o tres meses. Sin embargo, es importante tener en cuenta que estas fechas pueden variar seg\u00fan la regi\u00f3n y las &#8230; <a title=\"\u00a1Prep\u00e1rate para el gran estreno de las ansiadas vacaciones de verano!\" class=\"read-more\" href=\"https:\/\/dudasytextos.com\/tecnologia\/estrena\/cuando-se-estrena-vacaciones-de-verano\/\" aria-label=\"M\u00e1s en \u00a1Prep\u00e1rate para el gran estreno de las ansiadas vacaciones de verano!\">Leer m\u00e1s<\/a><\/p>\n","protected":false},"author":2,"featured_media":2849,"comment_status":"closed","ping_status":"closed","sticky":false,"template":"","format":"standard","meta":{"footnotes":""},"categories":[131],"tags":[],"class_list":["post-5302","post","type-post","status-publish","format-standard","has-post-thumbnail","hentry","category-estrena"],"yoast_head":"<!-- This site is optimized with the Yoast SEO plugin v28.4 - https:\/\/yoast.com\/product\/yoast-seo-wordpress\/ -->\n<title>\u00a1Prep\u00e1rate para el gran estreno de las ansiadas vacaciones de verano! [2026]<\/title>\n<meta name=\"description\" content=\"\u27a4 \u00a1Prep\u00e1rate para el gran estreno de las ansiadas vacaciones de verano! \u261d Vacaciones de verano se estrena en diferentes fechas, dependiendo del pa\u00eds y del sistema escolar. En general, las vacaciones de verano suelen comenzar ... \u27a4\" \/>\n<meta name=\"robots\" content=\"index, follow, max-snippet:-1, max-image-preview:large, max-video-preview:-1\" \/>\n<link rel=\"canonical\" href=\"https:\/\/dudasytextos.com\/tecnologia\/estrena\/cuando-se-estrena-vacaciones-de-verano\/\" \/>\n<meta property=\"og:locale\" content=\"es_ES\" \/>\n<meta property=\"og:type\" content=\"article\" \/>\n<meta property=\"og:title\" content=\"\u00a1Prep\u00e1rate para el gran estreno de las ansiadas vacaciones de verano! [2026]\" \/>\n<meta property=\"og:description\" content=\"\u27a4 \u00a1Prep\u00e1rate para el gran estreno de las ansiadas vacaciones de verano! \u261d Vacaciones de verano se estrena en diferentes fechas, dependiendo del pa\u00eds y del sistema escolar. En general, las vacaciones de verano suelen comenzar ... \u27a4\" \/>\n<meta property=\"og:url\" content=\"https:\/\/dudasytextos.com\/tecnologia\/estrena\/cuando-se-estrena-vacaciones-de-verano\/\" \/>\n<meta property=\"og:site_name\" content=\"BRAVUCON.COM\" \/>\n<meta property=\"article:published_time\" content=\"2025-10-14T04:30:20+00:00\" \/>\n<meta property=\"article:modified_time\" content=\"2025-11-06T11:08:29+00:00\" \/>\n<meta property=\"og:image\" content=\"https:\/\/dudasytextos.com\/tecnologia\/wp-content\/uploads\/2023\/10\/BazwUxmme04.jpg\" \/>\n\t<meta property=\"og:image:width\" content=\"768\" \/>\n\t<meta property=\"og:image:height\" content=\"432\" \/>\n\t<meta property=\"og:image:type\" content=\"image\/jpeg\" \/>\n<meta name=\"author\" content=\"Miguel L\u00f3pez Gonz\u00e1lez\" \/>\n<meta name=\"twitter:card\" content=\"summary_large_image\" \/>\n<meta name=\"twitter:label1\" content=\"Escrito por\" \/>\n\t<meta name=\"twitter:data1\" content=\"Miguel L\u00f3pez Gonz\u00e1lez\" \/>\n\t<meta name=\"twitter:label2\" content=\"Tiempo de lectura\" \/>\n\t<meta name=\"twitter:data2\" content=\"5 minutos\" \/>\n<script type=\"application\/ld+json\" class=\"yoast-schema-graph\">{\"@context\":\"https:\\\/\\\/schema.org\",\"@graph\":[{\"@type\":\"Article\",\"@id\":\"https:\\\/\\\/dudasytextos.com\\\/tecnologia\\\/estrena\\\/cuando-se-estrena-vacaciones-de-verano\\\/#article\",\"isPartOf\":{\"@id\":\"https:\\\/\\\/dudasytextos.com\\\/tecnologia\\\/estrena\\\/cuando-se-estrena-vacaciones-de-verano\\\/\"},\"author\":{\"name\":\"Miguel L\u00f3pez Gonz\u00e1lez\",\"@id\":\"https:\\\/\\\/dudasytextos.com\\\/tecnologia\\\/#\\\/schema\\\/person\\\/9a09c21958c5797b53d2c86eb2912fd0\"},\"headline\":\"\u00a1Prep\u00e1rate para el gran estreno de las ansiadas vacaciones de verano!\",\"datePublished\":\"2025-10-14T04:30:20+00:00\",\"dateModified\":\"2025-11-06T11:08:29+00:00\",\"mainEntityOfPage\":{\"@id\":\"https:\\\/\\\/dudasytextos.com\\\/tecnologia\\\/estrena\\\/cuando-se-estrena-vacaciones-de-verano\\\/\"},\"wordCount\":975,\"publisher\":{\"@id\":\"https:\\\/\\\/dudasytextos.com\\\/tecnologia\\\/#organization\"},\"image\":{\"@id\":\"https:\\\/\\\/dudasytextos.com\\\/tecnologia\\\/estrena\\\/cuando-se-estrena-vacaciones-de-verano\\\/#primaryimage\"},\"thumbnailUrl\":\"https:\\\/\\\/dudasytextos.com\\\/tecnologia\\\/wp-content\\\/uploads\\\/2023\\\/10\\\/BazwUxmme04.jpg\",\"articleSection\":[\"Estrena\"],\"inLanguage\":\"es\"},{\"@type\":\"WebPage\",\"@id\":\"https:\\\/\\\/dudasytextos.com\\\/tecnologia\\\/estrena\\\/cuando-se-estrena-vacaciones-de-verano\\\/\",\"url\":\"https:\\\/\\\/dudasytextos.com\\\/tecnologia\\\/estrena\\\/cuando-se-estrena-vacaciones-de-verano\\\/\",\"name\":\"\u00a1Prep\u00e1rate para el gran estreno de las ansiadas vacaciones de verano! [2026]\",\"isPartOf\":{\"@id\":\"https:\\\/\\\/dudasytextos.com\\\/tecnologia\\\/#website\"},\"primaryImageOfPage\":{\"@id\":\"https:\\\/\\\/dudasytextos.com\\\/tecnologia\\\/estrena\\\/cuando-se-estrena-vacaciones-de-verano\\\/#primaryimage\"},\"image\":{\"@id\":\"https:\\\/\\\/dudasytextos.com\\\/tecnologia\\\/estrena\\\/cuando-se-estrena-vacaciones-de-verano\\\/#primaryimage\"},\"thumbnailUrl\":\"https:\\\/\\\/dudasytextos.com\\\/tecnologia\\\/wp-content\\\/uploads\\\/2023\\\/10\\\/BazwUxmme04.jpg\",\"datePublished\":\"2025-10-14T04:30:20+00:00\",\"dateModified\":\"2025-11-06T11:08:29+00:00\",\"description\":\"\u27a4 \u00a1Prep\u00e1rate para el gran estreno de las ansiadas vacaciones de verano! \u261d Vacaciones de verano se estrena en diferentes fechas, dependiendo del pa\u00eds y del sistema escolar. En general, las vacaciones de verano suelen comenzar ... \u27a4\",\"breadcrumb\":{\"@id\":\"https:\\\/\\\/dudasytextos.com\\\/tecnologia\\\/estrena\\\/cuando-se-estrena-vacaciones-de-verano\\\/#breadcrumb\"},\"inLanguage\":\"es\",\"potentialAction\":[{\"@type\":\"ReadAction\",\"target\":[\"https:\\\/\\\/dudasytextos.com\\\/tecnologia\\\/estrena\\\/cuando-se-estrena-vacaciones-de-verano\\\/\"]}]},{\"@type\":\"ImageObject\",\"inLanguage\":\"es\",\"@id\":\"https:\\\/\\\/dudasytextos.com\\\/tecnologia\\\/estrena\\\/cuando-se-estrena-vacaciones-de-verano\\\/#primaryimage\",\"url\":\"https:\\\/\\\/dudasytextos.com\\\/tecnologia\\\/wp-content\\\/uploads\\\/2023\\\/10\\\/BazwUxmme04.jpg\",\"contentUrl\":\"https:\\\/\\\/dudasytextos.com\\\/tecnologia\\\/wp-content\\\/uploads\\\/2023\\\/10\\\/BazwUxmme04.jpg\",\"width\":768,\"height\":432},{\"@type\":\"BreadcrumbList\",\"@id\":\"https:\\\/\\\/dudasytextos.com\\\/tecnologia\\\/estrena\\\/cuando-se-estrena-vacaciones-de-verano\\\/#breadcrumb\",\"itemListElement\":[{\"@type\":\"ListItem\",\"position\":1,\"name\":\"Portada\",\"item\":\"https:\\\/\\\/dudasytextos.com\\\/tecnologia\\\/\"},{\"@type\":\"ListItem\",\"position\":2,\"name\":\"\u00a1Prep\u00e1rate para el gran estreno de las ansiadas vacaciones de verano!\"}]},{\"@type\":\"WebSite\",\"@id\":\"https:\\\/\\\/dudasytextos.com\\\/tecnologia\\\/#website\",\"url\":\"https:\\\/\\\/dudasytextos.com\\\/tecnologia\\\/\",\"name\":\"BRAVUCON.COM\",\"description\":\"\",\"publisher\":{\"@id\":\"https:\\\/\\\/dudasytextos.com\\\/tecnologia\\\/#organization\"},\"potentialAction\":[{\"@type\":\"SearchAction\",\"target\":{\"@type\":\"EntryPoint\",\"urlTemplate\":\"https:\\\/\\\/dudasytextos.com\\\/tecnologia\\\/?s={search_term_string}\"},\"query-input\":{\"@type\":\"PropertyValueSpecification\",\"valueRequired\":true,\"valueName\":\"search_term_string\"}}],\"inLanguage\":\"es\"},{\"@type\":\"Organization\",\"@id\":\"https:\\\/\\\/dudasytextos.com\\\/tecnologia\\\/#organization\",\"name\":\"BRAVUCON.COM\",\"url\":\"https:\\\/\\\/dudasytextos.com\\\/tecnologia\\\/\",\"logo\":{\"@type\":\"ImageObject\",\"inLanguage\":\"es\",\"@id\":\"https:\\\/\\\/dudasytextos.com\\\/tecnologia\\\/#\\\/schema\\\/logo\\\/image\\\/\",\"url\":\"https:\\\/\\\/dudasytextos.com\\\/tecnologia\\\/wp-content\\\/uploads\\\/2023\\\/10\\\/mediano.jpg\",\"contentUrl\":\"https:\\\/\\\/dudasytextos.com\\\/tecnologia\\\/wp-content\\\/uploads\\\/2023\\\/10\\\/mediano.jpg\",\"width\":75,\"height\":75,\"caption\":\"BRAVUCON.COM\"},\"image\":{\"@id\":\"https:\\\/\\\/dudasytextos.com\\\/tecnologia\\\/#\\\/schema\\\/logo\\\/image\\\/\"}},{\"@type\":\"Person\",\"@id\":\"https:\\\/\\\/dudasytextos.com\\\/tecnologia\\\/#\\\/schema\\\/person\\\/9a09c21958c5797b53d2c86eb2912fd0\",\"name\":\"Miguel L\u00f3pez Gonz\u00e1lez\",\"image\":{\"@type\":\"ImageObject\",\"inLanguage\":\"es\",\"@id\":\"https:\\\/\\\/secure.gravatar.com\\\/avatar\\\/48be9cde9cab21050516f4a7c202963b40abfa7f41fd9e6fd4847b0f23aaafd6?s=96&d=mm&r=g\",\"url\":\"https:\\\/\\\/secure.gravatar.com\\\/avatar\\\/48be9cde9cab21050516f4a7c202963b40abfa7f41fd9e6fd4847b0f23aaafd6?s=96&d=mm&r=g\",\"contentUrl\":\"https:\\\/\\\/secure.gravatar.com\\\/avatar\\\/48be9cde9cab21050516f4a7c202963b40abfa7f41fd9e6fd4847b0f23aaafd6?s=96&d=mm&r=g\",\"caption\":\"Miguel L\u00f3pez Gonz\u00e1lez\"},\"description\":\"Soy un apasionado de la tecnolog\u00eda y me dedico a reparar y solucionar problemas con dispositivos electr\u00f3nicos. Con m\u00e1s de 20 a\u00f1os de experiencia en el campo, he ayudado a innumerables personas a recuperar sus dispositivos y ponerlos en funcionamiento nuevamente. Mi blog est\u00e1 lleno de consejos \u00fatiles, tutoriales y soluciones para los problemas m\u00e1s comunes que enfrentamos en el mundo de la tecnolog\u00eda.\"}]}<\/script>\n<!-- \/ Yoast SEO plugin. -->","yoast_head_json":{"title":"\u00a1Prep\u00e1rate para el gran estreno de las ansiadas vacaciones de verano! [2026]","description":"\u27a4 \u00a1Prep\u00e1rate para el gran estreno de las ansiadas vacaciones de verano! \u261d Vacaciones de verano se estrena en diferentes fechas, dependiendo del pa\u00eds y del sistema escolar. En general, las vacaciones de verano suelen comenzar ... \u27a4","robots":{"index":"index","follow":"follow","max-snippet":"max-snippet:-1","max-image-preview":"max-image-preview:large","max-video-preview":"max-video-preview:-1"},"canonical":"https:\/\/dudasytextos.com\/tecnologia\/estrena\/cuando-se-estrena-vacaciones-de-verano\/","og_locale":"es_ES","og_type":"article","og_title":"\u00a1Prep\u00e1rate para el gran estreno de las ansiadas vacaciones de verano! [2026]","og_description":"\u27a4 \u00a1Prep\u00e1rate para el gran estreno de las ansiadas vacaciones de verano! \u261d Vacaciones de verano se estrena en diferentes fechas, dependiendo del pa\u00eds y del sistema escolar. En general, las vacaciones de verano suelen comenzar ... \u27a4","og_url":"https:\/\/dudasytextos.com\/tecnologia\/estrena\/cuando-se-estrena-vacaciones-de-verano\/","og_site_name":"BRAVUCON.COM","article_published_time":"2025-10-14T04:30:20+00:00","article_modified_time":"2025-11-06T11:08:29+00:00","og_image":[{"width":768,"height":432,"url":"https:\/\/dudasytextos.com\/tecnologia\/wp-content\/uploads\/2023\/10\/BazwUxmme04.jpg","type":"image\/jpeg"}],"author":"Miguel L\u00f3pez Gonz\u00e1lez","twitter_card":"summary_large_image","twitter_misc":{"Escrito por":"Miguel L\u00f3pez Gonz\u00e1lez","Tiempo de lectura":"5 minutos"},"schema":{"@context":"https:\/\/schema.org","@graph":[{"@type":"Article","@id":"https:\/\/dudasytextos.com\/tecnologia\/estrena\/cuando-se-estrena-vacaciones-de-verano\/#article","isPartOf":{"@id":"https:\/\/dudasytextos.com\/tecnologia\/estrena\/cuando-se-estrena-vacaciones-de-verano\/"},"author":{"name":"Miguel L\u00f3pez Gonz\u00e1lez","@id":"https:\/\/dudasytextos.com\/tecnologia\/#\/schema\/person\/9a09c21958c5797b53d2c86eb2912fd0"},"headline":"\u00a1Prep\u00e1rate para el gran estreno de las ansiadas vacaciones de verano!","datePublished":"2025-10-14T04:30:20+00:00","dateModified":"2025-11-06T11:08:29+00:00","mainEntityOfPage":{"@id":"https:\/\/dudasytextos.com\/tecnologia\/estrena\/cuando-se-estrena-vacaciones-de-verano\/"},"wordCount":975,"publisher":{"@id":"https:\/\/dudasytextos.com\/tecnologia\/#organization"},"image":{"@id":"https:\/\/dudasytextos.com\/tecnologia\/estrena\/cuando-se-estrena-vacaciones-de-verano\/#primaryimage"},"thumbnailUrl":"https:\/\/dudasytextos.com\/tecnologia\/wp-content\/uploads\/2023\/10\/BazwUxmme04.jpg","articleSection":["Estrena"],"inLanguage":"es"},{"@type":"WebPage","@id":"https:\/\/dudasytextos.com\/tecnologia\/estrena\/cuando-se-estrena-vacaciones-de-verano\/","url":"https:\/\/dudasytextos.com\/tecnologia\/estrena\/cuando-se-estrena-vacaciones-de-verano\/","name":"\u00a1Prep\u00e1rate para el gran estreno de las ansiadas vacaciones de verano! [2026]","isPartOf":{"@id":"https:\/\/dudasytextos.com\/tecnologia\/#website"},"primaryImageOfPage":{"@id":"https:\/\/dudasytextos.com\/tecnologia\/estrena\/cuando-se-estrena-vacaciones-de-verano\/#primaryimage"},"image":{"@id":"https:\/\/dudasytextos.com\/tecnologia\/estrena\/cuando-se-estrena-vacaciones-de-verano\/#primaryimage"},"thumbnailUrl":"https:\/\/dudasytextos.com\/tecnologia\/wp-content\/uploads\/2023\/10\/BazwUxmme04.jpg","datePublished":"2025-10-14T04:30:20+00:00","dateModified":"2025-11-06T11:08:29+00:00","description":"\u27a4 \u00a1Prep\u00e1rate para el gran estreno de las ansiadas vacaciones de verano! \u261d Vacaciones de verano se estrena en diferentes fechas, dependiendo del pa\u00eds y del sistema escolar. En general, las vacaciones de verano suelen comenzar ... \u27a4","breadcrumb":{"@id":"https:\/\/dudasytextos.com\/tecnologia\/estrena\/cuando-se-estrena-vacaciones-de-verano\/#breadcrumb"},"inLanguage":"es","potentialAction":[{"@type":"ReadAction","target":["https:\/\/dudasytextos.com\/tecnologia\/estrena\/cuando-se-estrena-vacaciones-de-verano\/"]}]},{"@type":"ImageObject","inLanguage":"es","@id":"https:\/\/dudasytextos.com\/tecnologia\/estrena\/cuando-se-estrena-vacaciones-de-verano\/#primaryimage","url":"https:\/\/dudasytextos.com\/tecnologia\/wp-content\/uploads\/2023\/10\/BazwUxmme04.jpg","contentUrl":"https:\/\/dudasytextos.com\/tecnologia\/wp-content\/uploads\/2023\/10\/BazwUxmme04.jpg","width":768,"height":432},{"@type":"BreadcrumbList","@id":"https:\/\/dudasytextos.com\/tecnologia\/estrena\/cuando-se-estrena-vacaciones-de-verano\/#breadcrumb","itemListElement":[{"@type":"ListItem","position":1,"name":"Portada","item":"https:\/\/dudasytextos.com\/tecnologia\/"},{"@type":"ListItem","position":2,"name":"\u00a1Prep\u00e1rate para el gran estreno de las ansiadas vacaciones de verano!"}]},{"@type":"WebSite","@id":"https:\/\/dudasytextos.com\/tecnologia\/#website","url":"https:\/\/dudasytextos.com\/tecnologia\/","name":"BRAVUCON.COM","description":"","publisher":{"@id":"https:\/\/dudasytextos.com\/tecnologia\/#organization"},"potentialAction":[{"@type":"SearchAction","target":{"@type":"EntryPoint","urlTemplate":"https:\/\/dudasytextos.com\/tecnologia\/?s={search_term_string}"},"query-input":{"@type":"PropertyValueSpecification","valueRequired":true,"valueName":"search_term_string"}}],"inLanguage":"es"},{"@type":"Organization","@id":"https:\/\/dudasytextos.com\/tecnologia\/#organization","name":"BRAVUCON.COM","url":"https:\/\/dudasytextos.com\/tecnologia\/","logo":{"@type":"ImageObject","inLanguage":"es","@id":"https:\/\/dudasytextos.com\/tecnologia\/#\/schema\/logo\/image\/","url":"https:\/\/dudasytextos.com\/tecnologia\/wp-content\/uploads\/2023\/10\/mediano.jpg","contentUrl":"https:\/\/dudasytextos.com\/tecnologia\/wp-content\/uploads\/2023\/10\/mediano.jpg","width":75,"height":75,"caption":"BRAVUCON.COM"},"image":{"@id":"https:\/\/dudasytextos.com\/tecnologia\/#\/schema\/logo\/image\/"}},{"@type":"Person","@id":"https:\/\/dudasytextos.com\/tecnologia\/#\/schema\/person\/9a09c21958c5797b53d2c86eb2912fd0","name":"Miguel L\u00f3pez Gonz\u00e1lez","image":{"@type":"ImageObject","inLanguage":"es","@id":"https:\/\/secure.gravatar.com\/avatar\/48be9cde9cab21050516f4a7c202963b40abfa7f41fd9e6fd4847b0f23aaafd6?s=96&d=mm&r=g","url":"https:\/\/secure.gravatar.com\/avatar\/48be9cde9cab21050516f4a7c202963b40abfa7f41fd9e6fd4847b0f23aaafd6?s=96&d=mm&r=g","contentUrl":"https:\/\/secure.gravatar.com\/avatar\/48be9cde9cab21050516f4a7c202963b40abfa7f41fd9e6fd4847b0f23aaafd6?s=96&d=mm&r=g","caption":"Miguel L\u00f3pez Gonz\u00e1lez"},"description":"Soy un apasionado de la tecnolog\u00eda y me dedico a reparar y solucionar problemas con dispositivos electr\u00f3nicos. Con m\u00e1s de 20 a\u00f1os de experiencia en el campo, he ayudado a innumerables personas a recuperar sus dispositivos y ponerlos en funcionamiento nuevamente. Mi blog est\u00e1 lleno de consejos \u00fatiles, tutoriales y soluciones para los problemas m\u00e1s comunes que enfrentamos en el mundo de la tecnolog\u00eda."}]}},"_links":{"self":[{"href":"https:\/\/dudasytextos.com\/tecnologia\/wp-json\/wp\/v2\/posts\/5302","targetHints":{"allow":["GET"]}}],"collection":[{"href":"https:\/\/dudasytextos.com\/tecnologia\/wp-json\/wp\/v2\/posts"}],"about":[{"href":"https:\/\/dudasytextos.com\/tecnologia\/wp-json\/wp\/v2\/types\/post"}],"author":[{"embeddable":true,"href":"https:\/\/dudasytextos.com\/tecnologia\/wp-json\/wp\/v2\/users\/2"}],"replies":[{"embeddable":true,"href":"https:\/\/dudasytextos.com\/tecnologia\/wp-json\/wp\/v2\/comments?post=5302"}],"version-history":[{"count":0,"href":"https:\/\/dudasytextos.com\/tecnologia\/wp-json\/wp\/v2\/posts\/5302\/revisions"}],"wp:featuredmedia":[{"embeddable":true,"href":"https:\/\/dudasytextos.com\/tecnologia\/wp-json\/wp\/v2\/media\/2849"}],"wp:attachment":[{"href":"https:\/\/dudasytextos.com\/tecnologia\/wp-json\/wp\/v2\/media?parent=5302"}],"wp:term":[{"taxonomy":"category","embeddable":true,"href":"https:\/\/dudasytextos.com\/tecnologia\/wp-json\/wp\/v2\/categories?post=5302"},{"taxonomy":"post_tag","embeddable":true,"href":"https:\/\/dudasytextos.com\/tecnologia\/wp-json\/wp\/v2\/tags?post=5302"}],"curies":[{"name":"wp","href":"https:\/\/api.w.org\/{rel}","templated":true}]}}