{"id":5871,"date":"2025-10-18T14:22:08","date_gmt":"2025-10-18T14:22:08","guid":{"rendered":"https:\/\/bravucon.com\/blog\/personal-caido-el-sistema\/"},"modified":"2025-11-06T10:54:25","modified_gmt":"2025-11-06T10:54:25","slug":"personal-caido-el-sistema","status":"publish","type":"post","link":"https:\/\/dudasytextos.com\/tecnologia\/otros\/personal-caido-el-sistema\/","title":{"rendered":"El caos se desata: \u00a1Personal ca\u00eddo en el sistema!"},"content":{"rendered":"<p>Cuando nos referimos a \u00abpersonal ca\u00eddo el sistema\u00bb, nos estamos refiriendo a un problema o falla en el sistema inform\u00e1tico que ha afectado a los empleados o personal de una organizaci\u00f3n. Esto puede ser causado por diversos factores, como problemas de conexi\u00f3n, errores en el software o hardware, o incluso ataques cibern\u00e9ticos. En estos casos, es necesario tomar medidas r\u00e1pidas para solucionar el problema y restaurar el sistema lo antes posible, para evitar interrupciones en las actividades laborales y garantizar la continuidad del negocio.<\/p>\n<div style=\"float: none;clear: both;width: 100%;position: relative;padding-bottom: 68%;padding-top: 25px;height: 0;\"><iframe style=\"position: absolute; top: 0; left: 0; width: 100%;height: 100%;\" src=\"https:\/\/www.youtube.com\/embed\/VwKkYaBdPpA\" frameborder=\"0\" allowfullscreen=\"allowfullscreen\"><\/iframe><\/div>\n<p><\/p>\n<h2>\u00bfCu\u00e1les son las principales causas por las que una persona puede caer en el sistema y quedar en situaci\u00f3n de vulnerabilidad?<\/h2>\n<p>Existen m\u00faltiples causas que pueden llevar a una persona a caer en el sistema y quedar en situaci\u00f3n de vulnerabilidad. Entre las principales se encuentran la falta de oportunidades laborales, la falta de acceso a una educaci\u00f3n de calidad, la discriminaci\u00f3n y la exclusi\u00f3n social. Adem\u00e1s, la falta de apoyo familiar, la violencia dom\u00e9stica y la adicci\u00f3n a sustancias tambi\u00e9n pueden contribuir a esta situaci\u00f3n. Estas causas interact\u00faan entre s\u00ed y crean un c\u00edrculo vicioso dif\u00edcil de romper, dejando a las personas en una situaci\u00f3n de desventaja y vulnerabilidad.<\/p>\n<p>Las personas caen en situaci\u00f3n de vulnerabilidad debido a la falta de oportunidades laborales, educaci\u00f3n de calidad, discriminaci\u00f3n, exclusi\u00f3n social, falta de apoyo familiar, violencia dom\u00e9stica y adicci\u00f3n a sustancias, creando un ciclo dif\u00edcil de romper.<\/p>\n<h2>\u00bfQu\u00e9 medidas de protecci\u00f3n y apoyo existen actualmente para las personas ca\u00eddas en el sistema?<\/h2>\n<p>Actualmente existen diversas medidas de protecci\u00f3n y apoyo para las personas que han ca\u00eddo en el sistema. Un ejemplo de ello es la existencia de programas de asistencia social que brindan ayuda econ\u00f3mica y servicios b\u00e1sicos a aquellos que se encuentran en situaciones de vulnerabilidad. Asimismo, se han implementado pol\u00edticas de reinserci\u00f3n laboral y formaci\u00f3n profesional, con el objetivo de facilitar la inserci\u00f3n de estas personas en el mercado laboral y promover su independencia econ\u00f3mica. Adem\u00e1s, se han creado programas de atenci\u00f3n psicol\u00f3gica y social para brindar apoyo emocional y orientaci\u00f3n a quienes han experimentado dificultades en el sistema. Estas medidas buscan ofrecer una red de protecci\u00f3n y apoyo integral a las personas que han ca\u00eddo en el sistema, con el fin de ayudarles a superar sus dificultades y lograr una mejor calidad de vida.<\/p>\n<p>Existen programas de asistencia social, reinserci\u00f3n laboral y atenci\u00f3n psicol\u00f3gica para brindar protecci\u00f3n y apoyo a las personas que han ca\u00eddo en el sistema, con el prop\u00f3sito de mejorar su calidad de vida y promover su independencia econ\u00f3mica.<\/p>\n<h2>\u00bfCu\u00e1l es el papel de las instituciones y organizaciones en la reintegraci\u00f3n social de las personas ca\u00eddas en el sistema?<\/h2>\n<p>Las instituciones y organizaciones desempe\u00f1an un papel fundamental en la reintegraci\u00f3n social de las personas ca\u00eddas en el sistema. A trav\u00e9s de programas y servicios, estas entidades brindan apoyo emocional, educativo y laboral a quienes han experimentado dificultades y han sido excluidos de la sociedad. Adem\u00e1s, fomentan la participaci\u00f3n activa de estas personas en la comunidad, promoviendo la inclusi\u00f3n y la igualdad de oportunidades. Sin la ayuda y el respaldo de estas instituciones, la reintegraci\u00f3n social ser\u00eda mucho m\u00e1s dif\u00edcil de lograr.<\/p>\n<p>Las instituciones y organizaciones son clave en la reintegraci\u00f3n social de personas excluidas del sistema. A trav\u00e9s de programas y servicios, brindan apoyo emocional, educativo y laboral, fomentando la participaci\u00f3n activa y promoviendo la inclusi\u00f3n en la comunidad. Sin su ayuda, la reintegraci\u00f3n ser\u00eda m\u00e1s dif\u00edcil.<\/p>\n<h2>El impacto del sistema en el bienestar personal: un an\u00e1lisis de las consecuencias<\/h2>\n<p>El sistema en el que vivimos tiene un impacto significativo en nuestro bienestar personal. A trav\u00e9s de un an\u00e1lisis exhaustivo de las consecuencias, podemos observar c\u00f3mo las pol\u00edticas gubernamentales, las estructuras sociales y econ\u00f3micas, y las normas culturales influyen en nuestra calidad de vida. Desde el acceso a la educaci\u00f3n y la salud, hasta las oportunidades laborales y la seguridad econ\u00f3mica, el sistema puede determinar nuestra felicidad y satisfacci\u00f3n. Es esencial examinar cr\u00edticamente estas implicaciones para buscar soluciones que promuevan un mayor bienestar para todos.<\/p>\n<p>El sistema en el que nos desenvolvemos tiene un impacto profundo en nuestra calidad de vida, desde las pol\u00edticas gubernamentales hasta las normas culturales, y es crucial analizar estas implicaciones para buscar soluciones que fomenten el bienestar de todos.<\/p>\n<h2>Personal ca\u00eddo en el sistema: una mirada cr\u00edtica a las fallas del sistema actual<\/h2>\n<p>El sistema actual ha demostrado ser deficiente en la protecci\u00f3n y apoyo a las personas que caen en situaciones de vulnerabilidad. A menudo, se observa una falta de recursos y medidas efectivas para abordar los problemas de salud mental, adicciones y desempleo, lo que resulta en un aumento de la cantidad de personas que quedan atrapadas en un ciclo de pobreza y marginalizaci\u00f3n. Es imperativo que se realice una evaluaci\u00f3n cr\u00edtica de estas fallas y se implementen soluciones m\u00e1s s\u00f3lidas y equitativas para garantizar el bienestar de todos los individuos en nuestra sociedad.<\/p>\n<p>Nuestro sistema actual debe ser evaluado cr\u00edticamente para implementar soluciones equitativas y s\u00f3lidas que protejan y apoyen a las personas en situaciones de vulnerabilidad, abordando eficazmente problemas de salud mental, adicciones y desempleo.<\/p>\n<h2>Desaf\u00edos y soluciones para el personal afectado por el sistema: un enfoque especializado en bienestar laboral<\/h2>\n<p>El personal afectado por el sistema enfrenta numerosos desaf\u00edos en su bienestar laboral. Desde altos niveles de estr\u00e9s y agotamiento hasta falta de apoyo y recursos, estas personas se ven sometidas a una presi\u00f3n constante. Sin embargo, existen soluciones que pueden mejorar su situaci\u00f3n. Implementar programas de apoyo emocional y psicol\u00f3gico, fomentar un ambiente laboral saludable y promover la conciliaci\u00f3n entre la vida personal y profesional son algunas de las medidas que pueden ayudar a mitigar los efectos negativos del sistema en el bienestar del personal.<\/p>\n<p>El personal afectado por el sistema experimenta diversos desaf\u00edos en su bienestar laboral, como estr\u00e9s, agotamiento y falta de apoyo. Sin embargo, existen soluciones que pueden mejorar su situaci\u00f3n, como programas de apoyo emocional, un ambiente laboral saludable y la promoci\u00f3n de la conciliaci\u00f3n entre vida personal y profesional.<\/p>\n<div style=\"float: none;clear: both;width: 100%;position: relative;padding-bottom: 68%;padding-top: 25px;height: 0;\"><iframe style=\"position: absolute; top: 0; left: 0; width: 100%;height: 100%;\" src=\"https:\/\/www.youtube.com\/embed\/aL5ymKo4T30\" frameborder=\"0\" allowfullscreen=\"allowfullscreen\"><\/iframe><\/div>\n<p><\/p>\n<p>En conclusi\u00f3n, el actual sistema social y econ\u00f3mico ha generado una gran cantidad de personas ca\u00eddas en el sistema, que se encuentran desamparadas y sin las oportunidades necesarias para salir adelante y alcanzar una vida digna. Estas personas son v\u00edctimas de la falta de pol\u00edticas p\u00fablicas efectivas que garanticen igualdad de oportunidades y acceso a los recursos b\u00e1sicos. Es imperativo que se implementen medidas que promuevan la inclusi\u00f3n social y econ\u00f3mica de estos individuos, brind\u00e1ndoles herramientas para su desarrollo personal y profesional. Adem\u00e1s, es fundamental fomentar una mayor conciencia y empat\u00eda en la sociedad hacia estas personas, para romper con estigmas y prejuicios que perpet\u00faan su exclusi\u00f3n. Solo a trav\u00e9s de un compromiso colectivo y acciones concretas podremos lograr un cambio real y transformar este sistema en uno m\u00e1s justo y equitativo, donde ninguna persona se quede atr\u00e1s.<\/p>\n","protected":false},"excerpt":{"rendered":"<p>Cuando nos referimos a \u00abpersonal ca\u00eddo el sistema\u00bb, nos estamos refiriendo a un problema o falla en el sistema inform\u00e1tico que ha afectado a los empleados o personal de una organizaci\u00f3n. Esto puede ser causado por diversos factores, como problemas de conexi\u00f3n, errores en el software o hardware, o incluso ataques cibern\u00e9ticos. En estos casos, &#8230; <a title=\"El caos se desata: \u00a1Personal ca\u00eddo en el sistema!\" class=\"read-more\" href=\"https:\/\/dudasytextos.com\/tecnologia\/otros\/personal-caido-el-sistema\/\" aria-label=\"M\u00e1s en El caos se desata: \u00a1Personal ca\u00eddo en el sistema!\">Leer m\u00e1s<\/a><\/p>\n","protected":false},"author":2,"featured_media":5872,"comment_status":"closed","ping_status":"closed","sticky":false,"template":"","format":"standard","meta":{"footnotes":""},"categories":[12],"tags":[],"class_list":["post-5871","post","type-post","status-publish","format-standard","has-post-thumbnail","hentry","category-otros"],"yoast_head":"<!-- This site is optimized with the Yoast SEO plugin v28.4 - https:\/\/yoast.com\/product\/yoast-seo-wordpress\/ -->\n<title>El caos se desata: \u00a1Personal ca\u00eddo en el sistema! [2026]<\/title>\n<meta name=\"description\" content=\"\u27a4 El caos se desata: \u00a1Personal ca\u00eddo en el sistema! \u261d Cuando nos referimos a &quot;personal ca\u00eddo el sistema&quot;, nos estamos refiriendo a un problema o falla en el sistema inform\u00e1tico que ha afectado a los empleados ... \u27a4\" \/>\n<meta name=\"robots\" content=\"index, follow, max-snippet:-1, max-image-preview:large, max-video-preview:-1\" \/>\n<link rel=\"canonical\" href=\"https:\/\/dudasytextos.com\/tecnologia\/otros\/personal-caido-el-sistema\/\" \/>\n<meta property=\"og:locale\" content=\"es_ES\" \/>\n<meta property=\"og:type\" content=\"article\" \/>\n<meta property=\"og:title\" content=\"El caos se desata: \u00a1Personal ca\u00eddo en el sistema! [2026]\" \/>\n<meta property=\"og:description\" content=\"\u27a4 El caos se desata: \u00a1Personal ca\u00eddo en el sistema! \u261d Cuando nos referimos a &quot;personal ca\u00eddo el sistema&quot;, nos estamos refiriendo a un problema o falla en el sistema inform\u00e1tico que ha afectado a los empleados ... \u27a4\" \/>\n<meta property=\"og:url\" content=\"https:\/\/dudasytextos.com\/tecnologia\/otros\/personal-caido-el-sistema\/\" \/>\n<meta property=\"og:site_name\" content=\"BRAVUCON.COM\" \/>\n<meta property=\"article:published_time\" content=\"2025-10-18T14:22:08+00:00\" \/>\n<meta property=\"article:modified_time\" content=\"2025-11-06T10:54:25+00:00\" \/>\n<meta property=\"og:image\" content=\"https:\/\/dudasytextos.com\/tecnologia\/wp-content\/uploads\/2023\/11\/VwKkYaBdPpA.jpg\" \/>\n\t<meta property=\"og:image:width\" content=\"768\" \/>\n\t<meta property=\"og:image:height\" content=\"432\" \/>\n\t<meta property=\"og:image:type\" content=\"image\/jpeg\" \/>\n<meta name=\"author\" content=\"Miguel L\u00f3pez Gonz\u00e1lez\" \/>\n<meta name=\"twitter:card\" content=\"summary_large_image\" \/>\n<meta name=\"twitter:label1\" content=\"Escrito por\" \/>\n\t<meta name=\"twitter:data1\" content=\"Miguel L\u00f3pez Gonz\u00e1lez\" \/>\n\t<meta name=\"twitter:label2\" content=\"Tiempo de lectura\" \/>\n\t<meta name=\"twitter:data2\" content=\"6 minutos\" \/>\n<script type=\"application\/ld+json\" class=\"yoast-schema-graph\">{\"@context\":\"https:\\\/\\\/schema.org\",\"@graph\":[{\"@type\":\"Article\",\"@id\":\"https:\\\/\\\/dudasytextos.com\\\/tecnologia\\\/otros\\\/personal-caido-el-sistema\\\/#article\",\"isPartOf\":{\"@id\":\"https:\\\/\\\/dudasytextos.com\\\/tecnologia\\\/otros\\\/personal-caido-el-sistema\\\/\"},\"author\":{\"name\":\"Miguel L\u00f3pez Gonz\u00e1lez\",\"@id\":\"https:\\\/\\\/dudasytextos.com\\\/tecnologia\\\/#\\\/schema\\\/person\\\/9a09c21958c5797b53d2c86eb2912fd0\"},\"headline\":\"El caos se desata: \u00a1Personal ca\u00eddo en el sistema!\",\"datePublished\":\"2025-10-18T14:22:08+00:00\",\"dateModified\":\"2025-11-06T10:54:25+00:00\",\"mainEntityOfPage\":{\"@id\":\"https:\\\/\\\/dudasytextos.com\\\/tecnologia\\\/otros\\\/personal-caido-el-sistema\\\/\"},\"wordCount\":1267,\"publisher\":{\"@id\":\"https:\\\/\\\/dudasytextos.com\\\/tecnologia\\\/#organization\"},\"image\":{\"@id\":\"https:\\\/\\\/dudasytextos.com\\\/tecnologia\\\/otros\\\/personal-caido-el-sistema\\\/#primaryimage\"},\"thumbnailUrl\":\"https:\\\/\\\/dudasytextos.com\\\/tecnologia\\\/wp-content\\\/uploads\\\/2023\\\/11\\\/VwKkYaBdPpA.jpg\",\"articleSection\":[\"Otros\"],\"inLanguage\":\"es\"},{\"@type\":\"WebPage\",\"@id\":\"https:\\\/\\\/dudasytextos.com\\\/tecnologia\\\/otros\\\/personal-caido-el-sistema\\\/\",\"url\":\"https:\\\/\\\/dudasytextos.com\\\/tecnologia\\\/otros\\\/personal-caido-el-sistema\\\/\",\"name\":\"El caos se desata: \u00a1Personal ca\u00eddo en el sistema! [2026]\",\"isPartOf\":{\"@id\":\"https:\\\/\\\/dudasytextos.com\\\/tecnologia\\\/#website\"},\"primaryImageOfPage\":{\"@id\":\"https:\\\/\\\/dudasytextos.com\\\/tecnologia\\\/otros\\\/personal-caido-el-sistema\\\/#primaryimage\"},\"image\":{\"@id\":\"https:\\\/\\\/dudasytextos.com\\\/tecnologia\\\/otros\\\/personal-caido-el-sistema\\\/#primaryimage\"},\"thumbnailUrl\":\"https:\\\/\\\/dudasytextos.com\\\/tecnologia\\\/wp-content\\\/uploads\\\/2023\\\/11\\\/VwKkYaBdPpA.jpg\",\"datePublished\":\"2025-10-18T14:22:08+00:00\",\"dateModified\":\"2025-11-06T10:54:25+00:00\",\"description\":\"\u27a4 El caos se desata: \u00a1Personal ca\u00eddo en el sistema! \u261d Cuando nos referimos a \\\"personal ca\u00eddo el sistema\\\", nos estamos refiriendo a un problema o falla en el sistema inform\u00e1tico que ha afectado a los empleados ... \u27a4\",\"breadcrumb\":{\"@id\":\"https:\\\/\\\/dudasytextos.com\\\/tecnologia\\\/otros\\\/personal-caido-el-sistema\\\/#breadcrumb\"},\"inLanguage\":\"es\",\"potentialAction\":[{\"@type\":\"ReadAction\",\"target\":[\"https:\\\/\\\/dudasytextos.com\\\/tecnologia\\\/otros\\\/personal-caido-el-sistema\\\/\"]}]},{\"@type\":\"ImageObject\",\"inLanguage\":\"es\",\"@id\":\"https:\\\/\\\/dudasytextos.com\\\/tecnologia\\\/otros\\\/personal-caido-el-sistema\\\/#primaryimage\",\"url\":\"https:\\\/\\\/dudasytextos.com\\\/tecnologia\\\/wp-content\\\/uploads\\\/2023\\\/11\\\/VwKkYaBdPpA.jpg\",\"contentUrl\":\"https:\\\/\\\/dudasytextos.com\\\/tecnologia\\\/wp-content\\\/uploads\\\/2023\\\/11\\\/VwKkYaBdPpA.jpg\",\"width\":768,\"height\":432},{\"@type\":\"BreadcrumbList\",\"@id\":\"https:\\\/\\\/dudasytextos.com\\\/tecnologia\\\/otros\\\/personal-caido-el-sistema\\\/#breadcrumb\",\"itemListElement\":[{\"@type\":\"ListItem\",\"position\":1,\"name\":\"Portada\",\"item\":\"https:\\\/\\\/dudasytextos.com\\\/tecnologia\\\/\"},{\"@type\":\"ListItem\",\"position\":2,\"name\":\"El caos se desata: \u00a1Personal ca\u00eddo en el sistema!\"}]},{\"@type\":\"WebSite\",\"@id\":\"https:\\\/\\\/dudasytextos.com\\\/tecnologia\\\/#website\",\"url\":\"https:\\\/\\\/dudasytextos.com\\\/tecnologia\\\/\",\"name\":\"BRAVUCON.COM\",\"description\":\"\",\"publisher\":{\"@id\":\"https:\\\/\\\/dudasytextos.com\\\/tecnologia\\\/#organization\"},\"potentialAction\":[{\"@type\":\"SearchAction\",\"target\":{\"@type\":\"EntryPoint\",\"urlTemplate\":\"https:\\\/\\\/dudasytextos.com\\\/tecnologia\\\/?s={search_term_string}\"},\"query-input\":{\"@type\":\"PropertyValueSpecification\",\"valueRequired\":true,\"valueName\":\"search_term_string\"}}],\"inLanguage\":\"es\"},{\"@type\":\"Organization\",\"@id\":\"https:\\\/\\\/dudasytextos.com\\\/tecnologia\\\/#organization\",\"name\":\"BRAVUCON.COM\",\"url\":\"https:\\\/\\\/dudasytextos.com\\\/tecnologia\\\/\",\"logo\":{\"@type\":\"ImageObject\",\"inLanguage\":\"es\",\"@id\":\"https:\\\/\\\/dudasytextos.com\\\/tecnologia\\\/#\\\/schema\\\/logo\\\/image\\\/\",\"url\":\"https:\\\/\\\/dudasytextos.com\\\/tecnologia\\\/wp-content\\\/uploads\\\/2023\\\/10\\\/mediano.jpg\",\"contentUrl\":\"https:\\\/\\\/dudasytextos.com\\\/tecnologia\\\/wp-content\\\/uploads\\\/2023\\\/10\\\/mediano.jpg\",\"width\":75,\"height\":75,\"caption\":\"BRAVUCON.COM\"},\"image\":{\"@id\":\"https:\\\/\\\/dudasytextos.com\\\/tecnologia\\\/#\\\/schema\\\/logo\\\/image\\\/\"}},{\"@type\":\"Person\",\"@id\":\"https:\\\/\\\/dudasytextos.com\\\/tecnologia\\\/#\\\/schema\\\/person\\\/9a09c21958c5797b53d2c86eb2912fd0\",\"name\":\"Miguel L\u00f3pez Gonz\u00e1lez\",\"image\":{\"@type\":\"ImageObject\",\"inLanguage\":\"es\",\"@id\":\"https:\\\/\\\/secure.gravatar.com\\\/avatar\\\/48be9cde9cab21050516f4a7c202963b40abfa7f41fd9e6fd4847b0f23aaafd6?s=96&d=mm&r=g\",\"url\":\"https:\\\/\\\/secure.gravatar.com\\\/avatar\\\/48be9cde9cab21050516f4a7c202963b40abfa7f41fd9e6fd4847b0f23aaafd6?s=96&d=mm&r=g\",\"contentUrl\":\"https:\\\/\\\/secure.gravatar.com\\\/avatar\\\/48be9cde9cab21050516f4a7c202963b40abfa7f41fd9e6fd4847b0f23aaafd6?s=96&d=mm&r=g\",\"caption\":\"Miguel L\u00f3pez Gonz\u00e1lez\"},\"description\":\"Soy un apasionado de la tecnolog\u00eda y me dedico a reparar y solucionar problemas con dispositivos electr\u00f3nicos. Con m\u00e1s de 20 a\u00f1os de experiencia en el campo, he ayudado a innumerables personas a recuperar sus dispositivos y ponerlos en funcionamiento nuevamente. Mi blog est\u00e1 lleno de consejos \u00fatiles, tutoriales y soluciones para los problemas m\u00e1s comunes que enfrentamos en el mundo de la tecnolog\u00eda.\"}]}<\/script>\n<!-- \/ Yoast SEO plugin. -->","yoast_head_json":{"title":"El caos se desata: \u00a1Personal ca\u00eddo en el sistema! [2026]","description":"\u27a4 El caos se desata: \u00a1Personal ca\u00eddo en el sistema! \u261d Cuando nos referimos a \"personal ca\u00eddo el sistema\", nos estamos refiriendo a un problema o falla en el sistema inform\u00e1tico que ha afectado a los empleados ... \u27a4","robots":{"index":"index","follow":"follow","max-snippet":"max-snippet:-1","max-image-preview":"max-image-preview:large","max-video-preview":"max-video-preview:-1"},"canonical":"https:\/\/dudasytextos.com\/tecnologia\/otros\/personal-caido-el-sistema\/","og_locale":"es_ES","og_type":"article","og_title":"El caos se desata: \u00a1Personal ca\u00eddo en el sistema! [2026]","og_description":"\u27a4 El caos se desata: \u00a1Personal ca\u00eddo en el sistema! \u261d Cuando nos referimos a \"personal ca\u00eddo el sistema\", nos estamos refiriendo a un problema o falla en el sistema inform\u00e1tico que ha afectado a los empleados ... \u27a4","og_url":"https:\/\/dudasytextos.com\/tecnologia\/otros\/personal-caido-el-sistema\/","og_site_name":"BRAVUCON.COM","article_published_time":"2025-10-18T14:22:08+00:00","article_modified_time":"2025-11-06T10:54:25+00:00","og_image":[{"width":768,"height":432,"url":"https:\/\/dudasytextos.com\/tecnologia\/wp-content\/uploads\/2023\/11\/VwKkYaBdPpA.jpg","type":"image\/jpeg"}],"author":"Miguel L\u00f3pez Gonz\u00e1lez","twitter_card":"summary_large_image","twitter_misc":{"Escrito por":"Miguel L\u00f3pez Gonz\u00e1lez","Tiempo de lectura":"6 minutos"},"schema":{"@context":"https:\/\/schema.org","@graph":[{"@type":"Article","@id":"https:\/\/dudasytextos.com\/tecnologia\/otros\/personal-caido-el-sistema\/#article","isPartOf":{"@id":"https:\/\/dudasytextos.com\/tecnologia\/otros\/personal-caido-el-sistema\/"},"author":{"name":"Miguel L\u00f3pez Gonz\u00e1lez","@id":"https:\/\/dudasytextos.com\/tecnologia\/#\/schema\/person\/9a09c21958c5797b53d2c86eb2912fd0"},"headline":"El caos se desata: \u00a1Personal ca\u00eddo en el sistema!","datePublished":"2025-10-18T14:22:08+00:00","dateModified":"2025-11-06T10:54:25+00:00","mainEntityOfPage":{"@id":"https:\/\/dudasytextos.com\/tecnologia\/otros\/personal-caido-el-sistema\/"},"wordCount":1267,"publisher":{"@id":"https:\/\/dudasytextos.com\/tecnologia\/#organization"},"image":{"@id":"https:\/\/dudasytextos.com\/tecnologia\/otros\/personal-caido-el-sistema\/#primaryimage"},"thumbnailUrl":"https:\/\/dudasytextos.com\/tecnologia\/wp-content\/uploads\/2023\/11\/VwKkYaBdPpA.jpg","articleSection":["Otros"],"inLanguage":"es"},{"@type":"WebPage","@id":"https:\/\/dudasytextos.com\/tecnologia\/otros\/personal-caido-el-sistema\/","url":"https:\/\/dudasytextos.com\/tecnologia\/otros\/personal-caido-el-sistema\/","name":"El caos se desata: \u00a1Personal ca\u00eddo en el sistema! [2026]","isPartOf":{"@id":"https:\/\/dudasytextos.com\/tecnologia\/#website"},"primaryImageOfPage":{"@id":"https:\/\/dudasytextos.com\/tecnologia\/otros\/personal-caido-el-sistema\/#primaryimage"},"image":{"@id":"https:\/\/dudasytextos.com\/tecnologia\/otros\/personal-caido-el-sistema\/#primaryimage"},"thumbnailUrl":"https:\/\/dudasytextos.com\/tecnologia\/wp-content\/uploads\/2023\/11\/VwKkYaBdPpA.jpg","datePublished":"2025-10-18T14:22:08+00:00","dateModified":"2025-11-06T10:54:25+00:00","description":"\u27a4 El caos se desata: \u00a1Personal ca\u00eddo en el sistema! \u261d Cuando nos referimos a \"personal ca\u00eddo el sistema\", nos estamos refiriendo a un problema o falla en el sistema inform\u00e1tico que ha afectado a los empleados ... \u27a4","breadcrumb":{"@id":"https:\/\/dudasytextos.com\/tecnologia\/otros\/personal-caido-el-sistema\/#breadcrumb"},"inLanguage":"es","potentialAction":[{"@type":"ReadAction","target":["https:\/\/dudasytextos.com\/tecnologia\/otros\/personal-caido-el-sistema\/"]}]},{"@type":"ImageObject","inLanguage":"es","@id":"https:\/\/dudasytextos.com\/tecnologia\/otros\/personal-caido-el-sistema\/#primaryimage","url":"https:\/\/dudasytextos.com\/tecnologia\/wp-content\/uploads\/2023\/11\/VwKkYaBdPpA.jpg","contentUrl":"https:\/\/dudasytextos.com\/tecnologia\/wp-content\/uploads\/2023\/11\/VwKkYaBdPpA.jpg","width":768,"height":432},{"@type":"BreadcrumbList","@id":"https:\/\/dudasytextos.com\/tecnologia\/otros\/personal-caido-el-sistema\/#breadcrumb","itemListElement":[{"@type":"ListItem","position":1,"name":"Portada","item":"https:\/\/dudasytextos.com\/tecnologia\/"},{"@type":"ListItem","position":2,"name":"El caos se desata: \u00a1Personal ca\u00eddo en el sistema!"}]},{"@type":"WebSite","@id":"https:\/\/dudasytextos.com\/tecnologia\/#website","url":"https:\/\/dudasytextos.com\/tecnologia\/","name":"BRAVUCON.COM","description":"","publisher":{"@id":"https:\/\/dudasytextos.com\/tecnologia\/#organization"},"potentialAction":[{"@type":"SearchAction","target":{"@type":"EntryPoint","urlTemplate":"https:\/\/dudasytextos.com\/tecnologia\/?s={search_term_string}"},"query-input":{"@type":"PropertyValueSpecification","valueRequired":true,"valueName":"search_term_string"}}],"inLanguage":"es"},{"@type":"Organization","@id":"https:\/\/dudasytextos.com\/tecnologia\/#organization","name":"BRAVUCON.COM","url":"https:\/\/dudasytextos.com\/tecnologia\/","logo":{"@type":"ImageObject","inLanguage":"es","@id":"https:\/\/dudasytextos.com\/tecnologia\/#\/schema\/logo\/image\/","url":"https:\/\/dudasytextos.com\/tecnologia\/wp-content\/uploads\/2023\/10\/mediano.jpg","contentUrl":"https:\/\/dudasytextos.com\/tecnologia\/wp-content\/uploads\/2023\/10\/mediano.jpg","width":75,"height":75,"caption":"BRAVUCON.COM"},"image":{"@id":"https:\/\/dudasytextos.com\/tecnologia\/#\/schema\/logo\/image\/"}},{"@type":"Person","@id":"https:\/\/dudasytextos.com\/tecnologia\/#\/schema\/person\/9a09c21958c5797b53d2c86eb2912fd0","name":"Miguel L\u00f3pez Gonz\u00e1lez","image":{"@type":"ImageObject","inLanguage":"es","@id":"https:\/\/secure.gravatar.com\/avatar\/48be9cde9cab21050516f4a7c202963b40abfa7f41fd9e6fd4847b0f23aaafd6?s=96&d=mm&r=g","url":"https:\/\/secure.gravatar.com\/avatar\/48be9cde9cab21050516f4a7c202963b40abfa7f41fd9e6fd4847b0f23aaafd6?s=96&d=mm&r=g","contentUrl":"https:\/\/secure.gravatar.com\/avatar\/48be9cde9cab21050516f4a7c202963b40abfa7f41fd9e6fd4847b0f23aaafd6?s=96&d=mm&r=g","caption":"Miguel L\u00f3pez Gonz\u00e1lez"},"description":"Soy un apasionado de la tecnolog\u00eda y me dedico a reparar y solucionar problemas con dispositivos electr\u00f3nicos. Con m\u00e1s de 20 a\u00f1os de experiencia en el campo, he ayudado a innumerables personas a recuperar sus dispositivos y ponerlos en funcionamiento nuevamente. Mi blog est\u00e1 lleno de consejos \u00fatiles, tutoriales y soluciones para los problemas m\u00e1s comunes que enfrentamos en el mundo de la tecnolog\u00eda."}]}},"_links":{"self":[{"href":"https:\/\/dudasytextos.com\/tecnologia\/wp-json\/wp\/v2\/posts\/5871","targetHints":{"allow":["GET"]}}],"collection":[{"href":"https:\/\/dudasytextos.com\/tecnologia\/wp-json\/wp\/v2\/posts"}],"about":[{"href":"https:\/\/dudasytextos.com\/tecnologia\/wp-json\/wp\/v2\/types\/post"}],"author":[{"embeddable":true,"href":"https:\/\/dudasytextos.com\/tecnologia\/wp-json\/wp\/v2\/users\/2"}],"replies":[{"embeddable":true,"href":"https:\/\/dudasytextos.com\/tecnologia\/wp-json\/wp\/v2\/comments?post=5871"}],"version-history":[{"count":0,"href":"https:\/\/dudasytextos.com\/tecnologia\/wp-json\/wp\/v2\/posts\/5871\/revisions"}],"wp:featuredmedia":[{"embeddable":true,"href":"https:\/\/dudasytextos.com\/tecnologia\/wp-json\/wp\/v2\/media\/5872"}],"wp:attachment":[{"href":"https:\/\/dudasytextos.com\/tecnologia\/wp-json\/wp\/v2\/media?parent=5871"}],"wp:term":[{"taxonomy":"category","embeddable":true,"href":"https:\/\/dudasytextos.com\/tecnologia\/wp-json\/wp\/v2\/categories?post=5871"},{"taxonomy":"post_tag","embeddable":true,"href":"https:\/\/dudasytextos.com\/tecnologia\/wp-json\/wp\/v2\/tags?post=5871"}],"curies":[{"name":"wp","href":"https:\/\/api.w.org\/{rel}","templated":true}]}}