{"id":6065,"date":"2025-10-16T19:13:06","date_gmt":"2025-10-16T19:13:06","guid":{"rendered":"https:\/\/bravucon.com\/blog\/por-que-me-pide-formatear-mi-usb\/"},"modified":"2025-11-06T11:40:08","modified_gmt":"2025-11-06T11:40:08","slug":"por-que-me-pide-formatear-mi-usb","status":"publish","type":"post","link":"https:\/\/dudasytextos.com\/tecnologia\/otros\/por-que-me-pide-formatear-mi-usb\/","title":{"rendered":"Descubre la sorprendente raz\u00f3n por la que tu USB te pide formatearlo"},"content":{"rendered":"<p>El motivo por el cual tu computadora te pide formatear tu USB puede deberse a varios factores. Algunas posibles razones podr\u00edan ser que el USB est\u00e9 da\u00f1ado, tenga errores de formato o est\u00e9 infectado por un virus. Formatear el USB eliminar\u00e1 todos los datos almacenados en \u00e9l, por lo que es importante asegurarte de respaldar la informaci\u00f3n importante antes de proceder. Si el problema persiste despu\u00e9s de formatear, puede ser recomendable probar el USB en otro puerto o en otra computadora para descartar posibles problemas de software o hardware.<\/p>\n<div style=\"float: none;clear: both;width: 100%;position: relative;padding-bottom: 68%;padding-top: 25px;height: 0;\"><iframe style=\"position: absolute; top: 0; left: 0; width: 100%;height: 100%;\" src=\"https:\/\/www.youtube.com\/embed\/O2yUK7wpmBU\" frameborder=\"0\" allowfullscreen=\"allowfullscreen\"><\/iframe><\/div>\n<p><\/p>\n<h2>\u00bfCu\u00e1l es el significado de formatear una memoria USB?<\/h2>\n<p>Formatear una memoria USB implica prepararla para almacenar informaci\u00f3n de manera eficiente. Durante este proceso, se crea un sistema de archivos que organiza los datos y maximiza el espacio disponible para los archivos. Al formatear, se borra toda la informaci\u00f3n previa en la memoria USB y se establecen las estructuras necesarias para su correcto funcionamiento. Es una pr\u00e1ctica com\u00fan cuando se desea eliminar datos antiguos o corregir problemas de funcionamiento en la memoria.<\/p>\n<p>De eliminar la informaci\u00f3n previa y optimizar el espacio, el formateo de una memoria USB tambi\u00e9n permite corregir posibles errores de funcionamiento. Es una tarea sencilla pero importante para garantizar un almacenamiento eficiente de los archivos y asegurar el correcto rendimiento de la memoria.<\/p>\n<h2>\u00bfCu\u00e1l es la forma de arreglar mi USB para que sea reconocido por cualquier computadora sin tener que formatearlo?<\/h2>\n<p>Si tienes problemas para que tu unidad USB sea reconocida por cualquier computadora sin tener que formatearla, una opci\u00f3n es utilizar el comando \u00abchkdsk\u00bb en la ventana de comandos. Para hacer esto, ve al men\u00fa Inicio y escribe \u00abcmd\u00bb en el cuadro de b\u00fasqueda. Luego, escribe \u00abchkdsk\/X\/f\u00bb seguido de la letra de la unidad USB, como por ejemplo \u00abchkdsk\/X\/f h:\u00bb. Esto iniciar\u00e1 el proceso de reparaci\u00f3n de la unidad USB sin necesidad de formatearla.<\/p>\n<p>De utilizar el comando \u00abchkdsk\u00bb en la ventana de comandos, otra opci\u00f3n para solucionar problemas de reconocimiento de una unidad USB sin formatearla es utilizar programas de recuperaci\u00f3n de datos especializados. Estas herramientas pueden ayudar a reparar errores en la unidad y recuperar los archivos almacenados en ella. Es importante tener en cuenta que estos programas pueden tener un costo y es recomendable investigar y elegir uno confiable antes de utilizarlo.<\/p>\n<h2>\u00bfPor qu\u00e9 el dispositivo USB no es reconocido?<\/h2>\n<p>El dispositivo USB es ampliamente utilizado en nuestra vida diaria, pero a veces puede ocurrir que nuestro ordenador no lo reconozca. Esto puede deberse a varias razones, como un problema de conexi\u00f3n, un controlador desactualizado o incluso un mal funcionamiento del propio dispositivo. Para solucionarlo, es recomendable verificar la conexi\u00f3n del USB, actualizar los controladores correspondientes o probar el dispositivo en otro puerto USB. Si ninguno de estos m\u00e9todos funciona, es posible que sea necesario contactar al fabricante para obtener ayuda adicional.<\/p>\n<p>Se recomienda tambi\u00e9n reiniciar el ordenador e intentar conectar el dispositivo en otro equipo para descartar problemas de hardware. Si el problema persiste, es aconsejable consultar con un t\u00e9cnico especializado que pueda ayudar a identificar y solucionar el inconveniente.<\/p>\n<h2>Los motivos comunes por los que se solicita formatear un USB y c\u00f3mo solucionarlos<\/h2>\n<p>Solicitar formatear un USB es una acci\u00f3n com\u00fan cuando se presentan problemas como errores de lectura o escritura, archivos corruptos o simplemente para liberar espacio. Sin embargo, antes de formatear es importante asegurarse de respaldar los datos importantes, ya que el proceso borrar\u00e1 toda la informaci\u00f3n almacenada en el dispositivo. Para solucionar estos inconvenientes, se recomienda intentar reparar errores utilizando herramientas de diagn\u00f3stico, escanear en busca de virus o utilizar programas de recuperaci\u00f3n de datos en caso de archivos perdidos.<\/p>\n<p>Antes de formatear un USB, es esencial respaldar los datos importantes, ya que se eliminar\u00e1 toda la informaci\u00f3n. Para solucionar problemas como errores de lectura o escritura, archivos corruptos o falta de espacio, se recomienda utilizar herramientas de diagn\u00f3stico, escanear en busca de virus o utilizar programas de recuperaci\u00f3n de datos.<\/p>\n<h2>Entendiendo las razones detr\u00e1s de la solicitud de formateo de una memoria USB<\/h2>\n<p>El formateo de una memoria USB es una tarea com\u00fan que puede ser solicitada por diversas razones. Una de ellas puede ser la necesidad de eliminar todos los archivos y carpetas almacenados en la memoria, ya sea para liberar espacio o para garantizar la privacidad de la informaci\u00f3n. Otra raz\u00f3n podr\u00eda ser la presencia de errores o fallas en la memoria, lo que puede ser solucionado mediante el formateo. Sin embargo, es importante tener en cuenta que el formateo borrar\u00e1 todos los datos de la memoria, por lo que es fundamental realizar una copia de seguridad antes de llevar a cabo este proceso.<\/p>\n<p>El formateo de una memoria USB es una tarea com\u00fan que puede ser solicitada por diversas razones, como la eliminaci\u00f3n de archivos o la soluci\u00f3n de errores. Sin embargo, es importante realizar una copia de seguridad antes de llevar a cabo este proceso.<\/p>\n<h2>C\u00f3mo evitar la solicitud de formateo de un USB y proteger tus datos<\/h2>\n<p>En el art\u00edculo \u00abC\u00f3mo evitar la solicitud de formateo de un USB y proteger tus datos\u00bb, se presentar\u00e1n diversas medidas de seguridad para evitar la p\u00e9rdida de informaci\u00f3n almacenada en una memoria USB. Se explicar\u00e1n t\u00e9cnicas como el uso de contrase\u00f1as, encriptaci\u00f3n de datos y la instalaci\u00f3n de programas antivirus. Adem\u00e1s, se brindar\u00e1n consejos sobre c\u00f3mo prevenir el acceso no autorizado a los dispositivos y c\u00f3mo realizar copias de seguridad de manera regular. Con estas precauciones, los usuarios podr\u00e1n proteger sus datos de posibles amenazas y evitar la solicitud de formateo de su USB.<\/p>\n<p>Para evitar la p\u00e9rdida de informaci\u00f3n en una memoria USB, es importante implementar medidas de seguridad como el uso de contrase\u00f1as, encriptaci\u00f3n de datos y programas antivirus. Adem\u00e1s, es fundamental prevenir el acceso no autorizado y realizar copias de seguridad regularmente. De esta manera, se proteger\u00e1n los datos y se evitar\u00e1 la solicitud de formateo del USB.<\/p>\n<div style=\"float: none;clear: both;width: 100%;position: relative;padding-bottom: 68%;padding-top: 25px;height: 0;\"><iframe style=\"position: absolute; top: 0; left: 0; width: 100%;height: 100%;\" src=\"https:\/\/www.youtube.com\/embed\/XG2gRD43SRw\" frameborder=\"0\" allowfullscreen=\"allowfullscreen\"><\/iframe><\/div>\n<p><\/p>\n<p>En conclusi\u00f3n, cuando nos encontramos con la solicitud de formatear un USB, es importante entender que existen diversas razones por las cuales se puede presentar esta situaci\u00f3n. En primer lugar, es posible que el dispositivo haya sido da\u00f1ado f\u00edsicamente, lo que podr\u00eda requerir un formateo para solucionar el problema. Adem\u00e1s, tambi\u00e9n puede ocurrir que el sistema operativo no reconozca el formato del USB, lo que nos llevar\u00eda a la necesidad de formatearlo para que sea compatible. Por otro lado, es importante tener en cuenta que formatear un USB implica la eliminaci\u00f3n de todos los datos almacenados en \u00e9l, por lo que es esencial realizar una copia de seguridad antes de proceder. En \u00faltima instancia, aunque la solicitud de formateo puede resultar frustrante, es una medida necesaria en ciertas circunstancias para garantizar un correcto funcionamiento del dispositivo y preservar la integridad de los datos almacenados.<\/p>\n","protected":false},"excerpt":{"rendered":"<p>El motivo por el cual tu computadora te pide formatear tu USB puede deberse a varios factores. Algunas posibles razones podr\u00edan ser que el USB est\u00e9 da\u00f1ado, tenga errores de formato o est\u00e9 infectado por un virus. Formatear el USB eliminar\u00e1 todos los datos almacenados en \u00e9l, por lo que es importante asegurarte de respaldar &#8230; <a title=\"Descubre la sorprendente raz\u00f3n por la que tu USB te pide formatearlo\" class=\"read-more\" href=\"https:\/\/dudasytextos.com\/tecnologia\/otros\/por-que-me-pide-formatear-mi-usb\/\" aria-label=\"M\u00e1s en Descubre la sorprendente raz\u00f3n por la que tu USB te pide formatearlo\">Leer m\u00e1s<\/a><\/p>\n","protected":false},"author":2,"featured_media":6066,"comment_status":"closed","ping_status":"closed","sticky":false,"template":"","format":"standard","meta":{"footnotes":""},"categories":[12],"tags":[],"class_list":["post-6065","post","type-post","status-publish","format-standard","has-post-thumbnail","hentry","category-otros"],"yoast_head":"<!-- This site is optimized with the Yoast SEO plugin v28.4 - https:\/\/yoast.com\/product\/yoast-seo-wordpress\/ -->\n<title>Descubre la sorprendente raz\u00f3n por la que tu USB te pide formatearlo [2026]<\/title>\n<meta name=\"description\" content=\"\u27a4 Descubre la sorprendente raz\u00f3n por la que tu USB te pide formatearlo \u261d El motivo por el cual tu computadora te pide formatear tu USB puede deberse a varios factores. Algunas posibles razones podr\u00edan ser que el USB est\u00e9 ... \u27a4\" \/>\n<meta name=\"robots\" content=\"index, follow, max-snippet:-1, max-image-preview:large, max-video-preview:-1\" \/>\n<link rel=\"canonical\" href=\"https:\/\/dudasytextos.com\/tecnologia\/otros\/por-que-me-pide-formatear-mi-usb\/\" \/>\n<meta property=\"og:locale\" content=\"es_ES\" \/>\n<meta property=\"og:type\" content=\"article\" \/>\n<meta property=\"og:title\" content=\"Descubre la sorprendente raz\u00f3n por la que tu USB te pide formatearlo [2026]\" \/>\n<meta property=\"og:description\" content=\"\u27a4 Descubre la sorprendente raz\u00f3n por la que tu USB te pide formatearlo \u261d El motivo por el cual tu computadora te pide formatear tu USB puede deberse a varios factores. Algunas posibles razones podr\u00edan ser que el USB est\u00e9 ... \u27a4\" \/>\n<meta property=\"og:url\" content=\"https:\/\/dudasytextos.com\/tecnologia\/otros\/por-que-me-pide-formatear-mi-usb\/\" \/>\n<meta property=\"og:site_name\" content=\"BRAVUCON.COM\" \/>\n<meta property=\"article:published_time\" content=\"2025-10-16T19:13:06+00:00\" \/>\n<meta property=\"article:modified_time\" content=\"2025-11-06T11:40:08+00:00\" \/>\n<meta property=\"og:image\" content=\"https:\/\/dudasytextos.com\/tecnologia\/wp-content\/uploads\/2023\/11\/O2yUK7wpmBU.jpg\" \/>\n\t<meta property=\"og:image:width\" content=\"768\" \/>\n\t<meta property=\"og:image:height\" content=\"432\" \/>\n\t<meta property=\"og:image:type\" content=\"image\/jpeg\" \/>\n<meta name=\"author\" content=\"Miguel L\u00f3pez Gonz\u00e1lez\" \/>\n<meta name=\"twitter:card\" content=\"summary_large_image\" \/>\n<meta name=\"twitter:label1\" content=\"Escrito por\" \/>\n\t<meta name=\"twitter:data1\" content=\"Miguel L\u00f3pez Gonz\u00e1lez\" \/>\n\t<meta name=\"twitter:label2\" content=\"Tiempo de lectura\" \/>\n\t<meta name=\"twitter:data2\" content=\"6 minutos\" \/>\n<script type=\"application\/ld+json\" class=\"yoast-schema-graph\">{\"@context\":\"https:\\\/\\\/schema.org\",\"@graph\":[{\"@type\":\"Article\",\"@id\":\"https:\\\/\\\/dudasytextos.com\\\/tecnologia\\\/otros\\\/por-que-me-pide-formatear-mi-usb\\\/#article\",\"isPartOf\":{\"@id\":\"https:\\\/\\\/dudasytextos.com\\\/tecnologia\\\/otros\\\/por-que-me-pide-formatear-mi-usb\\\/\"},\"author\":{\"name\":\"Miguel L\u00f3pez Gonz\u00e1lez\",\"@id\":\"https:\\\/\\\/dudasytextos.com\\\/tecnologia\\\/#\\\/schema\\\/person\\\/9a09c21958c5797b53d2c86eb2912fd0\"},\"headline\":\"Descubre la sorprendente raz\u00f3n por la que tu USB te pide formatearlo\",\"datePublished\":\"2025-10-16T19:13:06+00:00\",\"dateModified\":\"2025-11-06T11:40:08+00:00\",\"mainEntityOfPage\":{\"@id\":\"https:\\\/\\\/dudasytextos.com\\\/tecnologia\\\/otros\\\/por-que-me-pide-formatear-mi-usb\\\/\"},\"wordCount\":1207,\"publisher\":{\"@id\":\"https:\\\/\\\/dudasytextos.com\\\/tecnologia\\\/#organization\"},\"image\":{\"@id\":\"https:\\\/\\\/dudasytextos.com\\\/tecnologia\\\/otros\\\/por-que-me-pide-formatear-mi-usb\\\/#primaryimage\"},\"thumbnailUrl\":\"https:\\\/\\\/dudasytextos.com\\\/tecnologia\\\/wp-content\\\/uploads\\\/2023\\\/11\\\/O2yUK7wpmBU.jpg\",\"articleSection\":[\"Otros\"],\"inLanguage\":\"es\"},{\"@type\":\"WebPage\",\"@id\":\"https:\\\/\\\/dudasytextos.com\\\/tecnologia\\\/otros\\\/por-que-me-pide-formatear-mi-usb\\\/\",\"url\":\"https:\\\/\\\/dudasytextos.com\\\/tecnologia\\\/otros\\\/por-que-me-pide-formatear-mi-usb\\\/\",\"name\":\"Descubre la sorprendente raz\u00f3n por la que tu USB te pide formatearlo [2026]\",\"isPartOf\":{\"@id\":\"https:\\\/\\\/dudasytextos.com\\\/tecnologia\\\/#website\"},\"primaryImageOfPage\":{\"@id\":\"https:\\\/\\\/dudasytextos.com\\\/tecnologia\\\/otros\\\/por-que-me-pide-formatear-mi-usb\\\/#primaryimage\"},\"image\":{\"@id\":\"https:\\\/\\\/dudasytextos.com\\\/tecnologia\\\/otros\\\/por-que-me-pide-formatear-mi-usb\\\/#primaryimage\"},\"thumbnailUrl\":\"https:\\\/\\\/dudasytextos.com\\\/tecnologia\\\/wp-content\\\/uploads\\\/2023\\\/11\\\/O2yUK7wpmBU.jpg\",\"datePublished\":\"2025-10-16T19:13:06+00:00\",\"dateModified\":\"2025-11-06T11:40:08+00:00\",\"description\":\"\u27a4 Descubre la sorprendente raz\u00f3n por la que tu USB te pide formatearlo \u261d El motivo por el cual tu computadora te pide formatear tu USB puede deberse a varios factores. Algunas posibles razones podr\u00edan ser que el USB est\u00e9 ... \u27a4\",\"breadcrumb\":{\"@id\":\"https:\\\/\\\/dudasytextos.com\\\/tecnologia\\\/otros\\\/por-que-me-pide-formatear-mi-usb\\\/#breadcrumb\"},\"inLanguage\":\"es\",\"potentialAction\":[{\"@type\":\"ReadAction\",\"target\":[\"https:\\\/\\\/dudasytextos.com\\\/tecnologia\\\/otros\\\/por-que-me-pide-formatear-mi-usb\\\/\"]}]},{\"@type\":\"ImageObject\",\"inLanguage\":\"es\",\"@id\":\"https:\\\/\\\/dudasytextos.com\\\/tecnologia\\\/otros\\\/por-que-me-pide-formatear-mi-usb\\\/#primaryimage\",\"url\":\"https:\\\/\\\/dudasytextos.com\\\/tecnologia\\\/wp-content\\\/uploads\\\/2023\\\/11\\\/O2yUK7wpmBU.jpg\",\"contentUrl\":\"https:\\\/\\\/dudasytextos.com\\\/tecnologia\\\/wp-content\\\/uploads\\\/2023\\\/11\\\/O2yUK7wpmBU.jpg\",\"width\":768,\"height\":432},{\"@type\":\"BreadcrumbList\",\"@id\":\"https:\\\/\\\/dudasytextos.com\\\/tecnologia\\\/otros\\\/por-que-me-pide-formatear-mi-usb\\\/#breadcrumb\",\"itemListElement\":[{\"@type\":\"ListItem\",\"position\":1,\"name\":\"Portada\",\"item\":\"https:\\\/\\\/dudasytextos.com\\\/tecnologia\\\/\"},{\"@type\":\"ListItem\",\"position\":2,\"name\":\"Descubre la sorprendente raz\u00f3n por la que tu USB te pide formatearlo\"}]},{\"@type\":\"WebSite\",\"@id\":\"https:\\\/\\\/dudasytextos.com\\\/tecnologia\\\/#website\",\"url\":\"https:\\\/\\\/dudasytextos.com\\\/tecnologia\\\/\",\"name\":\"BRAVUCON.COM\",\"description\":\"\",\"publisher\":{\"@id\":\"https:\\\/\\\/dudasytextos.com\\\/tecnologia\\\/#organization\"},\"potentialAction\":[{\"@type\":\"SearchAction\",\"target\":{\"@type\":\"EntryPoint\",\"urlTemplate\":\"https:\\\/\\\/dudasytextos.com\\\/tecnologia\\\/?s={search_term_string}\"},\"query-input\":{\"@type\":\"PropertyValueSpecification\",\"valueRequired\":true,\"valueName\":\"search_term_string\"}}],\"inLanguage\":\"es\"},{\"@type\":\"Organization\",\"@id\":\"https:\\\/\\\/dudasytextos.com\\\/tecnologia\\\/#organization\",\"name\":\"BRAVUCON.COM\",\"url\":\"https:\\\/\\\/dudasytextos.com\\\/tecnologia\\\/\",\"logo\":{\"@type\":\"ImageObject\",\"inLanguage\":\"es\",\"@id\":\"https:\\\/\\\/dudasytextos.com\\\/tecnologia\\\/#\\\/schema\\\/logo\\\/image\\\/\",\"url\":\"https:\\\/\\\/dudasytextos.com\\\/tecnologia\\\/wp-content\\\/uploads\\\/2023\\\/10\\\/mediano.jpg\",\"contentUrl\":\"https:\\\/\\\/dudasytextos.com\\\/tecnologia\\\/wp-content\\\/uploads\\\/2023\\\/10\\\/mediano.jpg\",\"width\":75,\"height\":75,\"caption\":\"BRAVUCON.COM\"},\"image\":{\"@id\":\"https:\\\/\\\/dudasytextos.com\\\/tecnologia\\\/#\\\/schema\\\/logo\\\/image\\\/\"}},{\"@type\":\"Person\",\"@id\":\"https:\\\/\\\/dudasytextos.com\\\/tecnologia\\\/#\\\/schema\\\/person\\\/9a09c21958c5797b53d2c86eb2912fd0\",\"name\":\"Miguel L\u00f3pez Gonz\u00e1lez\",\"image\":{\"@type\":\"ImageObject\",\"inLanguage\":\"es\",\"@id\":\"https:\\\/\\\/secure.gravatar.com\\\/avatar\\\/48be9cde9cab21050516f4a7c202963b40abfa7f41fd9e6fd4847b0f23aaafd6?s=96&d=mm&r=g\",\"url\":\"https:\\\/\\\/secure.gravatar.com\\\/avatar\\\/48be9cde9cab21050516f4a7c202963b40abfa7f41fd9e6fd4847b0f23aaafd6?s=96&d=mm&r=g\",\"contentUrl\":\"https:\\\/\\\/secure.gravatar.com\\\/avatar\\\/48be9cde9cab21050516f4a7c202963b40abfa7f41fd9e6fd4847b0f23aaafd6?s=96&d=mm&r=g\",\"caption\":\"Miguel L\u00f3pez Gonz\u00e1lez\"},\"description\":\"Soy un apasionado de la tecnolog\u00eda y me dedico a reparar y solucionar problemas con dispositivos electr\u00f3nicos. Con m\u00e1s de 20 a\u00f1os de experiencia en el campo, he ayudado a innumerables personas a recuperar sus dispositivos y ponerlos en funcionamiento nuevamente. Mi blog est\u00e1 lleno de consejos \u00fatiles, tutoriales y soluciones para los problemas m\u00e1s comunes que enfrentamos en el mundo de la tecnolog\u00eda.\"}]}<\/script>\n<!-- \/ Yoast SEO plugin. -->","yoast_head_json":{"title":"Descubre la sorprendente raz\u00f3n por la que tu USB te pide formatearlo [2026]","description":"\u27a4 Descubre la sorprendente raz\u00f3n por la que tu USB te pide formatearlo \u261d El motivo por el cual tu computadora te pide formatear tu USB puede deberse a varios factores. Algunas posibles razones podr\u00edan ser que el USB est\u00e9 ... \u27a4","robots":{"index":"index","follow":"follow","max-snippet":"max-snippet:-1","max-image-preview":"max-image-preview:large","max-video-preview":"max-video-preview:-1"},"canonical":"https:\/\/dudasytextos.com\/tecnologia\/otros\/por-que-me-pide-formatear-mi-usb\/","og_locale":"es_ES","og_type":"article","og_title":"Descubre la sorprendente raz\u00f3n por la que tu USB te pide formatearlo [2026]","og_description":"\u27a4 Descubre la sorprendente raz\u00f3n por la que tu USB te pide formatearlo \u261d El motivo por el cual tu computadora te pide formatear tu USB puede deberse a varios factores. Algunas posibles razones podr\u00edan ser que el USB est\u00e9 ... \u27a4","og_url":"https:\/\/dudasytextos.com\/tecnologia\/otros\/por-que-me-pide-formatear-mi-usb\/","og_site_name":"BRAVUCON.COM","article_published_time":"2025-10-16T19:13:06+00:00","article_modified_time":"2025-11-06T11:40:08+00:00","og_image":[{"width":768,"height":432,"url":"https:\/\/dudasytextos.com\/tecnologia\/wp-content\/uploads\/2023\/11\/O2yUK7wpmBU.jpg","type":"image\/jpeg"}],"author":"Miguel L\u00f3pez Gonz\u00e1lez","twitter_card":"summary_large_image","twitter_misc":{"Escrito por":"Miguel L\u00f3pez Gonz\u00e1lez","Tiempo de lectura":"6 minutos"},"schema":{"@context":"https:\/\/schema.org","@graph":[{"@type":"Article","@id":"https:\/\/dudasytextos.com\/tecnologia\/otros\/por-que-me-pide-formatear-mi-usb\/#article","isPartOf":{"@id":"https:\/\/dudasytextos.com\/tecnologia\/otros\/por-que-me-pide-formatear-mi-usb\/"},"author":{"name":"Miguel L\u00f3pez Gonz\u00e1lez","@id":"https:\/\/dudasytextos.com\/tecnologia\/#\/schema\/person\/9a09c21958c5797b53d2c86eb2912fd0"},"headline":"Descubre la sorprendente raz\u00f3n por la que tu USB te pide formatearlo","datePublished":"2025-10-16T19:13:06+00:00","dateModified":"2025-11-06T11:40:08+00:00","mainEntityOfPage":{"@id":"https:\/\/dudasytextos.com\/tecnologia\/otros\/por-que-me-pide-formatear-mi-usb\/"},"wordCount":1207,"publisher":{"@id":"https:\/\/dudasytextos.com\/tecnologia\/#organization"},"image":{"@id":"https:\/\/dudasytextos.com\/tecnologia\/otros\/por-que-me-pide-formatear-mi-usb\/#primaryimage"},"thumbnailUrl":"https:\/\/dudasytextos.com\/tecnologia\/wp-content\/uploads\/2023\/11\/O2yUK7wpmBU.jpg","articleSection":["Otros"],"inLanguage":"es"},{"@type":"WebPage","@id":"https:\/\/dudasytextos.com\/tecnologia\/otros\/por-que-me-pide-formatear-mi-usb\/","url":"https:\/\/dudasytextos.com\/tecnologia\/otros\/por-que-me-pide-formatear-mi-usb\/","name":"Descubre la sorprendente raz\u00f3n por la que tu USB te pide formatearlo [2026]","isPartOf":{"@id":"https:\/\/dudasytextos.com\/tecnologia\/#website"},"primaryImageOfPage":{"@id":"https:\/\/dudasytextos.com\/tecnologia\/otros\/por-que-me-pide-formatear-mi-usb\/#primaryimage"},"image":{"@id":"https:\/\/dudasytextos.com\/tecnologia\/otros\/por-que-me-pide-formatear-mi-usb\/#primaryimage"},"thumbnailUrl":"https:\/\/dudasytextos.com\/tecnologia\/wp-content\/uploads\/2023\/11\/O2yUK7wpmBU.jpg","datePublished":"2025-10-16T19:13:06+00:00","dateModified":"2025-11-06T11:40:08+00:00","description":"\u27a4 Descubre la sorprendente raz\u00f3n por la que tu USB te pide formatearlo \u261d El motivo por el cual tu computadora te pide formatear tu USB puede deberse a varios factores. Algunas posibles razones podr\u00edan ser que el USB est\u00e9 ... \u27a4","breadcrumb":{"@id":"https:\/\/dudasytextos.com\/tecnologia\/otros\/por-que-me-pide-formatear-mi-usb\/#breadcrumb"},"inLanguage":"es","potentialAction":[{"@type":"ReadAction","target":["https:\/\/dudasytextos.com\/tecnologia\/otros\/por-que-me-pide-formatear-mi-usb\/"]}]},{"@type":"ImageObject","inLanguage":"es","@id":"https:\/\/dudasytextos.com\/tecnologia\/otros\/por-que-me-pide-formatear-mi-usb\/#primaryimage","url":"https:\/\/dudasytextos.com\/tecnologia\/wp-content\/uploads\/2023\/11\/O2yUK7wpmBU.jpg","contentUrl":"https:\/\/dudasytextos.com\/tecnologia\/wp-content\/uploads\/2023\/11\/O2yUK7wpmBU.jpg","width":768,"height":432},{"@type":"BreadcrumbList","@id":"https:\/\/dudasytextos.com\/tecnologia\/otros\/por-que-me-pide-formatear-mi-usb\/#breadcrumb","itemListElement":[{"@type":"ListItem","position":1,"name":"Portada","item":"https:\/\/dudasytextos.com\/tecnologia\/"},{"@type":"ListItem","position":2,"name":"Descubre la sorprendente raz\u00f3n por la que tu USB te pide formatearlo"}]},{"@type":"WebSite","@id":"https:\/\/dudasytextos.com\/tecnologia\/#website","url":"https:\/\/dudasytextos.com\/tecnologia\/","name":"BRAVUCON.COM","description":"","publisher":{"@id":"https:\/\/dudasytextos.com\/tecnologia\/#organization"},"potentialAction":[{"@type":"SearchAction","target":{"@type":"EntryPoint","urlTemplate":"https:\/\/dudasytextos.com\/tecnologia\/?s={search_term_string}"},"query-input":{"@type":"PropertyValueSpecification","valueRequired":true,"valueName":"search_term_string"}}],"inLanguage":"es"},{"@type":"Organization","@id":"https:\/\/dudasytextos.com\/tecnologia\/#organization","name":"BRAVUCON.COM","url":"https:\/\/dudasytextos.com\/tecnologia\/","logo":{"@type":"ImageObject","inLanguage":"es","@id":"https:\/\/dudasytextos.com\/tecnologia\/#\/schema\/logo\/image\/","url":"https:\/\/dudasytextos.com\/tecnologia\/wp-content\/uploads\/2023\/10\/mediano.jpg","contentUrl":"https:\/\/dudasytextos.com\/tecnologia\/wp-content\/uploads\/2023\/10\/mediano.jpg","width":75,"height":75,"caption":"BRAVUCON.COM"},"image":{"@id":"https:\/\/dudasytextos.com\/tecnologia\/#\/schema\/logo\/image\/"}},{"@type":"Person","@id":"https:\/\/dudasytextos.com\/tecnologia\/#\/schema\/person\/9a09c21958c5797b53d2c86eb2912fd0","name":"Miguel L\u00f3pez Gonz\u00e1lez","image":{"@type":"ImageObject","inLanguage":"es","@id":"https:\/\/secure.gravatar.com\/avatar\/48be9cde9cab21050516f4a7c202963b40abfa7f41fd9e6fd4847b0f23aaafd6?s=96&d=mm&r=g","url":"https:\/\/secure.gravatar.com\/avatar\/48be9cde9cab21050516f4a7c202963b40abfa7f41fd9e6fd4847b0f23aaafd6?s=96&d=mm&r=g","contentUrl":"https:\/\/secure.gravatar.com\/avatar\/48be9cde9cab21050516f4a7c202963b40abfa7f41fd9e6fd4847b0f23aaafd6?s=96&d=mm&r=g","caption":"Miguel L\u00f3pez Gonz\u00e1lez"},"description":"Soy un apasionado de la tecnolog\u00eda y me dedico a reparar y solucionar problemas con dispositivos electr\u00f3nicos. Con m\u00e1s de 20 a\u00f1os de experiencia en el campo, he ayudado a innumerables personas a recuperar sus dispositivos y ponerlos en funcionamiento nuevamente. Mi blog est\u00e1 lleno de consejos \u00fatiles, tutoriales y soluciones para los problemas m\u00e1s comunes que enfrentamos en el mundo de la tecnolog\u00eda."}]}},"_links":{"self":[{"href":"https:\/\/dudasytextos.com\/tecnologia\/wp-json\/wp\/v2\/posts\/6065","targetHints":{"allow":["GET"]}}],"collection":[{"href":"https:\/\/dudasytextos.com\/tecnologia\/wp-json\/wp\/v2\/posts"}],"about":[{"href":"https:\/\/dudasytextos.com\/tecnologia\/wp-json\/wp\/v2\/types\/post"}],"author":[{"embeddable":true,"href":"https:\/\/dudasytextos.com\/tecnologia\/wp-json\/wp\/v2\/users\/2"}],"replies":[{"embeddable":true,"href":"https:\/\/dudasytextos.com\/tecnologia\/wp-json\/wp\/v2\/comments?post=6065"}],"version-history":[{"count":0,"href":"https:\/\/dudasytextos.com\/tecnologia\/wp-json\/wp\/v2\/posts\/6065\/revisions"}],"wp:featuredmedia":[{"embeddable":true,"href":"https:\/\/dudasytextos.com\/tecnologia\/wp-json\/wp\/v2\/media\/6066"}],"wp:attachment":[{"href":"https:\/\/dudasytextos.com\/tecnologia\/wp-json\/wp\/v2\/media?parent=6065"}],"wp:term":[{"taxonomy":"category","embeddable":true,"href":"https:\/\/dudasytextos.com\/tecnologia\/wp-json\/wp\/v2\/categories?post=6065"},{"taxonomy":"post_tag","embeddable":true,"href":"https:\/\/dudasytextos.com\/tecnologia\/wp-json\/wp\/v2\/tags?post=6065"}],"curies":[{"name":"wp","href":"https:\/\/api.w.org\/{rel}","templated":true}]}}